{"id":244,"date":"2025-06-16T14:35:14","date_gmt":"2025-06-16T14:35:14","guid":{"rendered":"https:\/\/www.abaret.com.br\/blog\/?p=244"},"modified":"2025-06-16T14:36:39","modified_gmt":"2025-06-16T14:36:39","slug":"sacolas-com-alca-tipo-mochila-ideal-para-divulgar-sua-marca","status":"publish","type":"post","link":"https:\/\/www.abaret.com.br\/blog\/sacola-plastica-tipo-mochila\/sacolas-com-alca-tipo-mochila-ideal-para-divulgar-sua-marca\/","title":{"rendered":"Sacolas com al\u00e7a tipo mochila: ideal para divulgar sua marca"},"content":{"rendered":"<span class=\"span-reading-time rt-reading-time\" style=\"display: block;\"><span class=\"rt-label rt-prefix\">Tempo de leitura:<\/span> <span class=\"rt-time\"> 5<\/span> <span class=\"rt-label rt-postfix\">minutos<\/span><\/span>\n<p><strong><em>Descubra como sacolas com al\u00e7a tipo mochila em TNT, cord\u00e3o externo ou embutido, s\u00e3o aliadas estrat\u00e9gicas para branding, praticidade e sustentabilidade nos pontos de venda.<\/em><\/strong><\/p>\n\n\n\n<p>A primeira impress\u00e3o do seu produto come\u00e7a bem antes da experi\u00eancia de uso. Quando um cliente recebe a compra em uma embalagem eficiente, <strong>ele leva a sua marca para onde for<\/strong>.&nbsp;<\/p>\n\n\n\n<p>Por isso, investir em <strong>sacolas com al\u00e7a tipo mochila<\/strong> \u00e9 mais do que escolher um item de apoio: \u00e9 adotar um ve\u00edculo ambulante de divulga\u00e7\u00e3o.<\/p>\n\n\n\n<p>Ao longo deste artigo, voc\u00ea ver\u00e1 por que esse formato une ergonomia, durabilidade e alto valor percebido pelo p\u00fablico.&nbsp;<\/p>\n\n\n\n<p>Tamb\u00e9m conhecer\u00e1 op\u00e7\u00f5es de gramatura, t\u00e9cnicas de personaliza\u00e7\u00e3o e pr\u00e1ticas sustent\u00e1veis que refor\u00e7am sua reputa\u00e7\u00e3o no mercado.<\/p>\n\n\n\n<p><a href=\"https:\/\/www.abaret.com.br\/blog\/lixeiras\/lixeira-para-carros-um-otimo-item-para-promover-sua-marca\/\">Lixeira para carros: um \u00f3timo item para promover sua marca<\/a><\/p>\n\n\n\n<div id=\"ez-toc-container\" class=\"ez-toc-v2_0_81 counter-hierarchy ez-toc-counter ez-toc-grey ez-toc-container-direction\">\n<div class=\"ez-toc-title-container\">\n<p class=\"ez-toc-title\" style=\"cursor:inherit\">Sum\u00e1rio<\/p>\n<span class=\"ez-toc-title-toggle\"><a href=\"#\" class=\"ez-toc-pull-right ez-toc-btn ez-toc-btn-xs ez-toc-btn-default ez-toc-toggle\" aria-label=\"Alternar tabela de conte\u00fado\"><span class=\"ez-toc-js-icon-con\"><span class=\"\"><span class=\"eztoc-hide\" style=\"display:none;\">Toggle<\/span><span class=\"ez-toc-icon-toggle-span\"><svg style=\"fill: #999;color:#999\" xmlns=\"http:\/\/www.w3.org\/2000\/svg\" class=\"list-377408\" width=\"20px\" height=\"20px\" viewBox=\"0 0 24 24\" fill=\"none\"><path d=\"M6 6H4v2h2V6zm14 0H8v2h12V6zM4 11h2v2H4v-2zm16 0H8v2h12v-2zM4 16h2v2H4v-2zm16 0H8v2h12v-2z\" fill=\"currentColor\"><\/path><\/svg><svg style=\"fill: #999;color:#999\" class=\"arrow-unsorted-368013\" xmlns=\"http:\/\/www.w3.org\/2000\/svg\" width=\"10px\" height=\"10px\" viewBox=\"0 0 24 24\" version=\"1.2\" baseProfile=\"tiny\"><path d=\"M18.2 9.3l-6.2-6.3-6.2 6.3c-.2.2-.3.4-.3.7s.1.5.3.7c.2.2.4.3.7.3h11c.3 0 .5-.1.7-.3.2-.2.3-.5.3-.7s-.1-.5-.3-.7zM5.8 14.7l6.2 6.3 6.2-6.3c.2-.2.3-.5.3-.7s-.1-.5-.3-.7c-.2-.2-.4-.3-.7-.3h-11c-.3 0-.5.1-.7.3-.2.2-.3.5-.3.7s.1.5.3.7z\"\/><\/svg><\/span><\/span><\/span><\/a><\/span><\/div>\n<nav><ul class='ez-toc-list ez-toc-list-level-1 ' ><li class='ez-toc-page-1 ez-toc-heading-level-2'><a class=\"ez-toc-link ez-toc-heading-1\" href=\"https:\/\/www.abaret.com.br\/blog\/sacola-plastica-tipo-mochila\/sacolas-com-alca-tipo-mochila-ideal-para-divulgar-sua-marca\/#Por_que_escolher_sacolas_com_alca_tipo_mochila\" >Por que escolher sacolas com al\u00e7a tipo mochila<\/a><ul class='ez-toc-list-level-3' ><li class='ez-toc-heading-level-3'><a class=\"ez-toc-link ez-toc-heading-2\" href=\"https:\/\/www.abaret.com.br\/blog\/sacola-plastica-tipo-mochila\/sacolas-com-alca-tipo-mochila-ideal-para-divulgar-sua-marca\/#Variedades_em_TNT_cordao_externo\" >Variedades em TNT: cord\u00e3o externo<\/a><\/li><li class='ez-toc-page-1 ez-toc-heading-level-3'><a class=\"ez-toc-link ez-toc-heading-3\" href=\"https:\/\/www.abaret.com.br\/blog\/sacola-plastica-tipo-mochila\/sacolas-com-alca-tipo-mochila-ideal-para-divulgar-sua-marca\/#Design_com_cordao_embutido\" >Design com cord\u00e3o embutido<\/a><\/li><\/ul><\/li><li class='ez-toc-page-1 ez-toc-heading-level-2'><a class=\"ez-toc-link ez-toc-heading-4\" href=\"https:\/\/www.abaret.com.br\/blog\/sacola-plastica-tipo-mochila\/sacolas-com-alca-tipo-mochila-ideal-para-divulgar-sua-marca\/#Sacolas_com_alca_tipo_mochila_transforme_clientes_em_promotores\" >Sacolas com al\u00e7a tipo mochila: transforme clientes em promotores<\/a><\/li><li class='ez-toc-page-1 ez-toc-heading-level-2'><a class=\"ez-toc-link ez-toc-heading-5\" href=\"https:\/\/www.abaret.com.br\/blog\/sacola-plastica-tipo-mochila\/sacolas-com-alca-tipo-mochila-ideal-para-divulgar-sua-marca\/#Pronto_para_colocar_sua_marca_nas_costas_de_milhares_de_consumidores\" >Pronto para colocar sua marca nas costas de milhares de consumidores?<\/a><\/li><\/ul><\/nav><\/div>\n<h2 class=\"wp-block-heading\"><span class=\"ez-toc-section\" id=\"Por_que_escolher_sacolas_com_alca_tipo_mochila\"><\/span><strong>Por que escolher sacolas com al\u00e7a tipo mochila<\/strong><span class=\"ez-toc-section-end\"><\/span><\/h2>\n\n\n\n<p>Na rotina corrida dos grandes centros, <strong>ter as m\u00e3os livres \u00e9 sin\u00f4nimo de comodidade<\/strong>.&nbsp;<\/p>\n\n\n\n<p>Isso explica o crescimento do modelo mochila, capaz de distribuir o peso nos ombros e reduzir o cansa\u00e7o do usu\u00e1rio.&nbsp;<\/p>\n\n\n\n<p>Quando essa conveni\u00eancia vem estampada com o seu logotipo, a lembran\u00e7a de marca se multiplica em cada trajeto.<\/p>\n\n\n\n<p>Al\u00e9m de funcionais, tais sacolas <strong>prolongam o tempo de exposi\u00e7\u00e3o<\/strong>. Diferentemente das tradicionais al\u00e7as de m\u00e3o, que cansam rapidamente, o formato mochila incentiva o reuso em academia, praia ou viagens curtas.&nbsp;<\/p>\n\n\n\n<p>Cada reutiliza\u00e7\u00e3o representa um an\u00fancio espont\u00e2neo \u2014 e gratuito.<\/p>\n\n\n\n<p>Empresas focadas em eventos \u2014 feiras, congressos ou corridas de rua \u2014 est\u00e3o entre as que mais se beneficiam.&nbsp;<\/p>\n\n\n\n<p><strong>Os participantes precisam carregar brindes, cat\u00e1logos e material promocional<\/strong>; quando recebem algo que facilita o transporte, a associa\u00e7\u00e3o positiva \u00e9 instant\u00e2nea.<\/p>\n\n\n\n<p>Outro ponto decisivo \u00e9 a seguran\u00e7a. Ao permanecer nas costas, a sacola reduz o risco de queda ou esquecimento, preservando o conte\u00fado e evitando devolu\u00e7\u00f5es indesejadas na loja.<\/p>\n\n\n\n<p>Por fim, o aspecto fashion n\u00e3o pode ser ignorado. Modelos bem-acabados e coloridos <strong>viram parte do visual<\/strong> e at\u00e9 inspiram postagens em redes sociais, ampliando organicamente o alcance da campanha.<\/p>\n\n\n\n<h3 class=\"wp-block-heading\"><span class=\"ez-toc-section\" id=\"Variedades_em_TNT_cordao_externo\"><\/span><strong>Variedades em TNT: cord\u00e3o externo<\/strong><span class=\"ez-toc-section-end\"><\/span><\/h3>\n\n\n\n<p>As vers\u00f5es em TNT (Tecido N\u00e3o Tecido) com <strong>cord\u00e3o externo<\/strong> oferecem excelente custo-benef\u00edcio e rapidez na produ\u00e7\u00e3o.&nbsp;<\/p>\n\n\n<div class=\"wp-block-image\">\n<figure class=\"alignright size-full is-resized\"><img loading=\"lazy\" decoding=\"async\" width=\"600\" height=\"400\" src=\"https:\/\/www.abaret.com.br\/blog\/wp-content\/uploads\/2022\/12\/sacolas-promocionais-personalizadas-1.jpg\" alt=\"Sacolas com al\u00e7a tipo mochila: ideal para divulgar sua marca\n\" class=\"wp-image-104\" style=\"width:313px;height:auto\"\/><\/figure>\n<\/div>\n\n\n<p>Esse cord\u00e3o, que corre fora da bainha, facilita a regulagem e permite que o cliente feche a boca por completo, protegendo o conte\u00fado da poeira.<\/p>\n\n\n\n<p>Outra vantagem \u00e9 a simplicidade de montagem. <strong>Menos etapas produtivas significam pre\u00e7os mais competitivos<\/strong>, sem sacrificar resist\u00eancia. Para empresas que precisam de grandes volumes em curto prazo, \u00e9 a escolha certa.<\/p>\n\n\n\n<p>A variedade de gramaturas \u2014 normalmente entre 40 g\/m\u00b2 e 80 g\/m\u00b2 \u2014 permite adequar a sacola ao peso do produto. Itens leves, como roupas fitness, podem usar gramaturas menores; j\u00e1 cal\u00e7ados ou kits de cosm\u00e9ticos pedem tecidos mais robustos.<\/p>\n\n\n\n<p>No quesito visual, o TNT aceita <strong>silk-screen, transfer e hot-stamping<\/strong>. Isso garante cores vivas e alta fidelidade ao manual de identidade da marca. Como o cord\u00e3o passa vis\u00edvel pela lateral, escolher um tom contrastante cria um detalhe elegante que chama aten\u00e7\u00e3o \u00e0 dist\u00e2ncia.<\/p>\n\n\n\n<p>Empreendimentos comprometidos com causas ambientais tamb\u00e9m se beneficiam. O TNT \u00e9 100% recicl\u00e1vel e seu processo de fabrica\u00e7\u00e3o emite menos CO\u2082 que muitos pl\u00e1sticos convencionais, fortalecendo o discurso sustent\u00e1vel nos pontos de contato com o p\u00fablico.<\/p>\n\n\n\n<h3 class=\"wp-block-heading\"><span class=\"ez-toc-section\" id=\"Design_com_cordao_embutido\"><\/span><strong>Design com cord\u00e3o embutido<\/strong><span class=\"ez-toc-section-end\"><\/span><\/h3>\n\n\n\n<p>Quando o objetivo \u00e9 transmitir sofistica\u00e7\u00e3o, <strong>o cord\u00e3o embutido na boca<\/strong> da sacola se destaca. Esse acabamento traz um visual limpo e valoriza estampas minimalistas, ideal para grifes ou lan\u00e7amentos de edi\u00e7\u00e3o limitada.<\/p>\n\n\n\n<p>O processo exige costura interna refor\u00e7ada, elevando ligeiramente o ticket, por\u00e9m <strong>o ganho em percep\u00e7\u00e3o premium compensa<\/strong>. Clientes que buscam exclusividade associar\u00e3o o cuidado do detalhe \u00e0 qualidade do produto que carregam.<\/p>\n\n\n\n<p>Outro diferencial \u00e9 a ergonomia aprimorada. O cord\u00e3o, protegido pela bainha, reduz atrito na pele e <strong>impede que o material prenda em superf\u00edcies<\/strong>. Essa suavidade favorece o uso prolongado \u2014 quanto mais tempo o consumidor carregar sua sacola, maior ser\u00e1 a exposi\u00e7\u00e3o.<\/p>\n\n\n\n<p>Dispon\u00edvel em ampla paleta de cores, o cord\u00e3o embutido \u00e9 \u00f3timo para a\u00e7\u00f5es tem\u00e1ticas: Natal, Black Friday ou campanhas sazonais. Basta combinar tecido, estampa e cord\u00e3o na mesma gama crom\u00e1tica para criar uma pe\u00e7a colecion\u00e1vel.<\/p>\n\n\n\n<p>Por falar em colecion\u00e1veis, <strong>sacolas com acabamento premium viram item de desejo<\/strong>. Muitos consumidores guardam e reutilizam para atividades cotidianas, transformando-se em defensores espont\u00e2neos da marca \u2014 um b\u00f4nus valioso para qualquer estrat\u00e9gia de fideliza\u00e7\u00e3o.<\/p>\n\n\n\n<h2 class=\"wp-block-heading\"><span class=\"ez-toc-section\" id=\"Sacolas_com_alca_tipo_mochila_transforme_clientes_em_promotores\"><\/span><strong>Sacolas com al\u00e7a tipo mochila: transforme clientes em promotores<\/strong><span class=\"ez-toc-section-end\"><\/span><\/h2>\n\n\n\n<p>Ao investir em <strong>sacolas com al\u00e7a tipo mochila<\/strong>, voc\u00ea alia conforto, visibilidade e responsabilidade ambiental \u2014 tr\u00eas pilares decisivos para o consumidor contempor\u00e2neo.&nbsp;<\/p>\n\n\n\n<p>Cada pessoa que sai da loja carregando a marca nas costas se converte em m\u00eddia espont\u00e2nea, percorrendo ruas, \u00f4nibus e academias.<\/p>\n\n\n\n<p>Lembre-se: desde 1988, nossa equipe ajuda empresas a <strong>materializar ideias em embalagens memor\u00e1veis<\/strong>.&nbsp;<\/p>\n\n\n\n<p>Com tr\u00eas d\u00e9cadas de know-how, produzimos pe\u00e7as em pl\u00e1stico convencional, biodegrad\u00e1vel, pap\u00e9is especiais e TNT, sempre com padr\u00e3o de qualidade que se sente ao toque.<\/p>\n\n\n\n<p>Se voc\u00ea busca uma forma pr\u00e1tica, elegante e consciente de ampliar seu alcance, <strong>as sacolas com al\u00e7a tipo mochila s\u00e3o o pr\u00f3ximo passo<\/strong>. Escolha o modelo, defina a arte e veja sua mensagem ganhar as ruas.<\/p>\n\n\n\n<p><a href=\"https:\/\/www.abaret.com.br\/blog\/saco-kraft\/sacolas-de-papel-kraft-a-solucao-sustentavel-para-o-seu-negocio\/\">Sacolas de papel kraft: a solu\u00e7\u00e3o sustent\u00e1vel para o seu neg\u00f3cio<\/a><\/p>\n\n\n\n<h2 class=\"wp-block-heading\"><span class=\"ez-toc-section\" id=\"Pronto_para_colocar_sua_marca_nas_costas_de_milhares_de_consumidores\"><\/span><strong>Pronto para colocar sua marca nas costas de milhares de consumidores?<\/strong><span class=\"ez-toc-section-end\"><\/span><\/h2>\n\n\n\n<p><a href=\"https:\/\/www.abaret.com.br\">Entre em contato<\/a> agora e solicite um or\u00e7amento personalizado \u2014 descubra como transformar cada caminhada em uma vitrine viva para o seu neg\u00f3cio.<\/p>\n","protected":false},"excerpt":{"rendered":"<p><span class=\"span-reading-time rt-reading-time\" style=\"display: block;\"><span class=\"rt-label rt-prefix\">Tempo de leitura:<\/span> <span class=\"rt-time\"> 5<\/span> <span class=\"rt-label rt-postfix\">minutos<\/span><\/span>Descubra como sacolas com al\u00e7a tipo mochila em TNT, cord\u00e3o externo ou embutido, s\u00e3o aliadas estrat\u00e9gicas para branding, praticidade e sustentabilidade nos pontos de venda. A primeira impress\u00e3o do seu produto come\u00e7a bem antes da experi\u00eancia de uso. Quando um cliente recebe a compra em uma embalagem eficiente, ele leva a sua marca para onde &hellip; <\/p>\n","protected":false},"author":1,"featured_media":128,"comment_status":"open","ping_status":"open","sticky":false,"template":"","format":"standard","meta":{"footnotes":""},"categories":[5220],"tags":[5381,5371,5378,5369,5368,5374,5377,5372,5380,5376,5373,5382,5379,5383,4,5333,5366,5367,5370,5375],"class_list":["post-244","post","type-post","status-publish","format-standard","has-post-thumbnail","hentry","category-sacola-plastica-tipo-mochila","tag-alca-de-cordao","tag-branding-com-embalagens","tag-brinde-personalizado","tag-cordao-embutido","tag-cordao-externo","tag-divulgacao-de-marca","tag-embalagem-corporativa","tag-embalagens-ecologicas","tag-gramaturas-tnt","tag-lembranca-de-marca","tag-marketing-de-varejo","tag-merchandising-em-eventos","tag-mochila-saco-tnt","tag-reuso-criativo","tag-sacolas-personalizadas","tag-sacolas-promocionais","tag-sacolas-com-alca-tipo-mochila","tag-sacolas-de-tnt","tag-sacolas-sustentaveis","tag-tnt-reciclavel","latest_post"],"yoast_head":"<!-- This site is optimized with the Yoast SEO plugin v27.2 - https:\/\/yoast.com\/product\/yoast-seo-wordpress\/ -->\n<title>Sacolas com al\u00e7a tipo mochila: ideal para divulgar sua marca - Abaret<\/title>\n<meta name=\"description\" content=\"Descubra como sacolas com al\u00e7a tipo mochila em TNT, cord\u00e3o externo ou embutido, s\u00e3o aliadas estrat\u00e9gicas para branding, praticidade e sustentabilidade nos pontos de venda.\" \/>\n<meta name=\"robots\" content=\"index, follow, max-snippet:-1, max-image-preview:large, max-video-preview:-1\" \/>\n<link rel=\"canonical\" href=\"https:\/\/www.abaret.com.br\/blog\/sacola-plastica-tipo-mochila\/sacolas-com-alca-tipo-mochila-ideal-para-divulgar-sua-marca\/\" \/>\n<meta property=\"og:locale\" content=\"pt_BR\" \/>\n<meta property=\"og:type\" content=\"article\" \/>\n<meta property=\"og:title\" content=\"Sacolas com al\u00e7a tipo mochila: ideal para divulgar sua marca - Abaret\" \/>\n<meta property=\"og:description\" content=\"Descubra como sacolas com al\u00e7a tipo mochila em TNT, cord\u00e3o externo ou embutido, s\u00e3o aliadas estrat\u00e9gicas para branding, praticidade e sustentabilidade nos pontos de venda.\" \/>\n<meta property=\"og:url\" content=\"https:\/\/www.abaret.com.br\/blog\/sacola-plastica-tipo-mochila\/sacolas-com-alca-tipo-mochila-ideal-para-divulgar-sua-marca\/\" \/>\n<meta property=\"og:site_name\" content=\"Abaret\" \/>\n<meta property=\"article:published_time\" content=\"2025-06-16T14:35:14+00:00\" \/>\n<meta property=\"article:modified_time\" content=\"2025-06-16T14:36:39+00:00\" \/>\n<meta property=\"og:image\" content=\"https:\/\/www.abaret.com.br\/blog\/wp-content\/uploads\/2023\/09\/20230905140603_fpdl.in_mochila-preta-branca-em-uma-corda-saco-de-esporte-em-fundo-branco_110633-437_normal.jpg\" \/>\n\t<meta property=\"og:image:width\" content=\"626\" \/>\n\t<meta property=\"og:image:height\" content=\"390\" \/>\n\t<meta property=\"og:image:type\" content=\"image\/jpeg\" \/>\n<meta name=\"author\" content=\"admin\" \/>\n<meta name=\"twitter:card\" content=\"summary_large_image\" \/>\n<meta name=\"twitter:label1\" content=\"Escrito por\" \/>\n\t<meta name=\"twitter:data1\" content=\"admin\" \/>\n\t<meta name=\"twitter:label2\" content=\"Est. tempo de leitura\" \/>\n\t<meta name=\"twitter:data2\" content=\"6 minutos\" \/>\n<script type=\"application\/ld+json\" class=\"yoast-schema-graph\">{\"@context\":\"https:\/\/schema.org\",\"@graph\":[{\"@type\":\"Article\",\"@id\":\"https:\/\/www.abaret.com.br\/blog\/sacola-plastica-tipo-mochila\/sacolas-com-alca-tipo-mochila-ideal-para-divulgar-sua-marca\/#article\",\"isPartOf\":{\"@id\":\"https:\/\/www.abaret.com.br\/blog\/sacola-plastica-tipo-mochila\/sacolas-com-alca-tipo-mochila-ideal-para-divulgar-sua-marca\/\"},\"author\":{\"name\":\"admin\",\"@id\":\"https:\/\/www.abaret.com.br\/blog\/#\/schema\/person\/16562f3dee9f40ecacf3d0517282ef1d\"},\"headline\":\"Sacolas com al\u00e7a tipo mochila: ideal para divulgar sua marca\",\"datePublished\":\"2025-06-16T14:35:14+00:00\",\"dateModified\":\"2025-06-16T14:36:39+00:00\",\"mainEntityOfPage\":{\"@id\":\"https:\/\/www.abaret.com.br\/blog\/sacola-plastica-tipo-mochila\/sacolas-com-alca-tipo-mochila-ideal-para-divulgar-sua-marca\/\"},\"wordCount\":982,\"commentCount\":0,\"publisher\":{\"@id\":\"https:\/\/www.abaret.com.br\/blog\/#organization\"},\"image\":{\"@id\":\"https:\/\/www.abaret.com.br\/blog\/sacola-plastica-tipo-mochila\/sacolas-com-alca-tipo-mochila-ideal-para-divulgar-sua-marca\/#primaryimage\"},\"thumbnailUrl\":\"https:\/\/www.abaret.com.br\/blog\/wp-content\/uploads\/2023\/09\/20230905140603_fpdl.in_mochila-preta-branca-em-uma-corda-saco-de-esporte-em-fundo-branco_110633-437_normal.jpg\",\"keywords\":[\"al\u00e7a-de-cord\u00e3o\",\"branding-com-embalagens\",\"brinde-personalizado\",\"cord\u00e3o-embutido\",\"cord\u00e3o-externo\",\"divulga\u00e7\u00e3o-de-marca\",\"embalagem-corporativa\",\"embalagens-ecol\u00f3gicas\",\"gramaturas-tnt\",\"lembran\u00e7a-de-marca\",\"marketing-de-varejo\",\"merchandising-em-eventos\",\"mochila-saco-tnt\",\"reuso-criativo\",\"sacolas personalizadas\",\"sacolas promocionais\",\"sacolas-com-al\u00e7a-tipo-mochila\",\"sacolas-de-tnt\",\"sacolas-sustent\u00e1veis\",\"tnt-recicl\u00e1vel\"],\"articleSection\":[\"Sacola pl\u00e1stica tipo mochila\"],\"inLanguage\":\"pt-BR\",\"potentialAction\":[{\"@type\":\"CommentAction\",\"name\":\"Comment\",\"target\":[\"https:\/\/www.abaret.com.br\/blog\/sacola-plastica-tipo-mochila\/sacolas-com-alca-tipo-mochila-ideal-para-divulgar-sua-marca\/#respond\"]}]},{\"@type\":\"WebPage\",\"@id\":\"https:\/\/www.abaret.com.br\/blog\/sacola-plastica-tipo-mochila\/sacolas-com-alca-tipo-mochila-ideal-para-divulgar-sua-marca\/\",\"url\":\"https:\/\/www.abaret.com.br\/blog\/sacola-plastica-tipo-mochila\/sacolas-com-alca-tipo-mochila-ideal-para-divulgar-sua-marca\/\",\"name\":\"Sacolas com al\u00e7a tipo mochila: ideal para divulgar sua marca - Abaret\",\"isPartOf\":{\"@id\":\"https:\/\/www.abaret.com.br\/blog\/#website\"},\"primaryImageOfPage\":{\"@id\":\"https:\/\/www.abaret.com.br\/blog\/sacola-plastica-tipo-mochila\/sacolas-com-alca-tipo-mochila-ideal-para-divulgar-sua-marca\/#primaryimage\"},\"image\":{\"@id\":\"https:\/\/www.abaret.com.br\/blog\/sacola-plastica-tipo-mochila\/sacolas-com-alca-tipo-mochila-ideal-para-divulgar-sua-marca\/#primaryimage\"},\"thumbnailUrl\":\"https:\/\/www.abaret.com.br\/blog\/wp-content\/uploads\/2023\/09\/20230905140603_fpdl.in_mochila-preta-branca-em-uma-corda-saco-de-esporte-em-fundo-branco_110633-437_normal.jpg\",\"datePublished\":\"2025-06-16T14:35:14+00:00\",\"dateModified\":\"2025-06-16T14:36:39+00:00\",\"description\":\"Descubra como sacolas com al\u00e7a tipo mochila em TNT, cord\u00e3o externo ou embutido, s\u00e3o aliadas estrat\u00e9gicas para branding, praticidade e sustentabilidade nos pontos de venda.\",\"breadcrumb\":{\"@id\":\"https:\/\/www.abaret.com.br\/blog\/sacola-plastica-tipo-mochila\/sacolas-com-alca-tipo-mochila-ideal-para-divulgar-sua-marca\/#breadcrumb\"},\"inLanguage\":\"pt-BR\",\"potentialAction\":[{\"@type\":\"ReadAction\",\"target\":[\"https:\/\/www.abaret.com.br\/blog\/sacola-plastica-tipo-mochila\/sacolas-com-alca-tipo-mochila-ideal-para-divulgar-sua-marca\/\"]}]},{\"@type\":\"ImageObject\",\"inLanguage\":\"pt-BR\",\"@id\":\"https:\/\/www.abaret.com.br\/blog\/sacola-plastica-tipo-mochila\/sacolas-com-alca-tipo-mochila-ideal-para-divulgar-sua-marca\/#primaryimage\",\"url\":\"https:\/\/www.abaret.com.br\/blog\/wp-content\/uploads\/2023\/09\/20230905140603_fpdl.in_mochila-preta-branca-em-uma-corda-saco-de-esporte-em-fundo-branco_110633-437_normal.jpg\",\"contentUrl\":\"https:\/\/www.abaret.com.br\/blog\/wp-content\/uploads\/2023\/09\/20230905140603_fpdl.in_mochila-preta-branca-em-uma-corda-saco-de-esporte-em-fundo-branco_110633-437_normal.jpg\",\"width\":626,\"height\":390,\"caption\":\"Sacolas com al\u00e7a tipo mochila: ideal para divulgar sua marca\"},{\"@type\":\"BreadcrumbList\",\"@id\":\"https:\/\/www.abaret.com.br\/blog\/sacola-plastica-tipo-mochila\/sacolas-com-alca-tipo-mochila-ideal-para-divulgar-sua-marca\/#breadcrumb\",\"itemListElement\":[{\"@type\":\"ListItem\",\"position\":1,\"name\":\"In\u00edcio\",\"item\":\"https:\/\/www.abaret.com.br\/blog\/\"},{\"@type\":\"ListItem\",\"position\":2,\"name\":\"Sacolas com al\u00e7a tipo mochila: ideal para divulgar sua marca\"}]},{\"@type\":\"WebSite\",\"@id\":\"https:\/\/www.abaret.com.br\/blog\/#website\",\"url\":\"https:\/\/www.abaret.com.br\/blog\/\",\"name\":\"Abaret\",\"description\":\"Blog\",\"publisher\":{\"@id\":\"https:\/\/www.abaret.com.br\/blog\/#organization\"},\"potentialAction\":[{\"@type\":\"SearchAction\",\"target\":{\"@type\":\"EntryPoint\",\"urlTemplate\":\"https:\/\/www.abaret.com.br\/blog\/?s={search_term_string}\"},\"query-input\":{\"@type\":\"PropertyValueSpecification\",\"valueRequired\":true,\"valueName\":\"search_term_string\"}}],\"inLanguage\":\"pt-BR\"},{\"@type\":\"Organization\",\"@id\":\"https:\/\/www.abaret.com.br\/blog\/#organization\",\"name\":\"Abaret\",\"url\":\"https:\/\/www.abaret.com.br\/blog\/\",\"logo\":{\"@type\":\"ImageObject\",\"inLanguage\":\"pt-BR\",\"@id\":\"https:\/\/www.abaret.com.br\/blog\/#\/schema\/logo\/image\/\",\"url\":\"https:\/\/www.abaret.com.br\/blog\/wp-content\/uploads\/2022\/01\/logo-abaret.png\",\"contentUrl\":\"https:\/\/www.abaret.com.br\/blog\/wp-content\/uploads\/2022\/01\/logo-abaret.png\",\"width\":200,\"height\":63,\"caption\":\"Abaret\"},\"image\":{\"@id\":\"https:\/\/www.abaret.com.br\/blog\/#\/schema\/logo\/image\/\"}},{\"@type\":\"Person\",\"@id\":\"https:\/\/www.abaret.com.br\/blog\/#\/schema\/person\/16562f3dee9f40ecacf3d0517282ef1d\",\"name\":\"admin\",\"image\":{\"@type\":\"ImageObject\",\"inLanguage\":\"pt-BR\",\"@id\":\"https:\/\/secure.gravatar.com\/avatar\/3813f53848958b8842eeafda91666185a90010f65ed554379b78794cde6f234a?s=96&d=mm&r=g\",\"url\":\"https:\/\/secure.gravatar.com\/avatar\/3813f53848958b8842eeafda91666185a90010f65ed554379b78794cde6f234a?s=96&d=mm&r=g\",\"contentUrl\":\"https:\/\/secure.gravatar.com\/avatar\/3813f53848958b8842eeafda91666185a90010f65ed554379b78794cde6f234a?s=96&d=mm&r=g\",\"caption\":\"admin\"},\"sameAs\":[\"https:\/\/abaret.com.br\/blog\"],\"url\":\"https:\/\/www.abaret.com.br\/blog\/author\/admin\/\"}]}<\/script>\n<!-- \/ Yoast SEO plugin. -->","yoast_head_json":{"title":"Sacolas com al\u00e7a tipo mochila: ideal para divulgar sua marca - Abaret","description":"Descubra como sacolas com al\u00e7a tipo mochila em TNT, cord\u00e3o externo ou embutido, s\u00e3o aliadas estrat\u00e9gicas para branding, praticidade e sustentabilidade nos pontos de venda.","robots":{"index":"index","follow":"follow","max-snippet":"max-snippet:-1","max-image-preview":"max-image-preview:large","max-video-preview":"max-video-preview:-1"},"canonical":"https:\/\/www.abaret.com.br\/blog\/sacola-plastica-tipo-mochila\/sacolas-com-alca-tipo-mochila-ideal-para-divulgar-sua-marca\/","og_locale":"pt_BR","og_type":"article","og_title":"Sacolas com al\u00e7a tipo mochila: ideal para divulgar sua marca - Abaret","og_description":"Descubra como sacolas com al\u00e7a tipo mochila em TNT, cord\u00e3o externo ou embutido, s\u00e3o aliadas estrat\u00e9gicas para branding, praticidade e sustentabilidade nos pontos de venda.","og_url":"https:\/\/www.abaret.com.br\/blog\/sacola-plastica-tipo-mochila\/sacolas-com-alca-tipo-mochila-ideal-para-divulgar-sua-marca\/","og_site_name":"Abaret","article_published_time":"2025-06-16T14:35:14+00:00","article_modified_time":"2025-06-16T14:36:39+00:00","og_image":[{"width":626,"height":390,"url":"https:\/\/www.abaret.com.br\/blog\/wp-content\/uploads\/2023\/09\/20230905140603_fpdl.in_mochila-preta-branca-em-uma-corda-saco-de-esporte-em-fundo-branco_110633-437_normal.jpg","type":"image\/jpeg"}],"author":"admin","twitter_card":"summary_large_image","twitter_misc":{"Escrito por":"admin","Est. tempo de leitura":"6 minutos"},"schema":{"@context":"https:\/\/schema.org","@graph":[{"@type":"Article","@id":"https:\/\/www.abaret.com.br\/blog\/sacola-plastica-tipo-mochila\/sacolas-com-alca-tipo-mochila-ideal-para-divulgar-sua-marca\/#article","isPartOf":{"@id":"https:\/\/www.abaret.com.br\/blog\/sacola-plastica-tipo-mochila\/sacolas-com-alca-tipo-mochila-ideal-para-divulgar-sua-marca\/"},"author":{"name":"admin","@id":"https:\/\/www.abaret.com.br\/blog\/#\/schema\/person\/16562f3dee9f40ecacf3d0517282ef1d"},"headline":"Sacolas com al\u00e7a tipo mochila: ideal para divulgar sua marca","datePublished":"2025-06-16T14:35:14+00:00","dateModified":"2025-06-16T14:36:39+00:00","mainEntityOfPage":{"@id":"https:\/\/www.abaret.com.br\/blog\/sacola-plastica-tipo-mochila\/sacolas-com-alca-tipo-mochila-ideal-para-divulgar-sua-marca\/"},"wordCount":982,"commentCount":0,"publisher":{"@id":"https:\/\/www.abaret.com.br\/blog\/#organization"},"image":{"@id":"https:\/\/www.abaret.com.br\/blog\/sacola-plastica-tipo-mochila\/sacolas-com-alca-tipo-mochila-ideal-para-divulgar-sua-marca\/#primaryimage"},"thumbnailUrl":"https:\/\/www.abaret.com.br\/blog\/wp-content\/uploads\/2023\/09\/20230905140603_fpdl.in_mochila-preta-branca-em-uma-corda-saco-de-esporte-em-fundo-branco_110633-437_normal.jpg","keywords":["al\u00e7a-de-cord\u00e3o","branding-com-embalagens","brinde-personalizado","cord\u00e3o-embutido","cord\u00e3o-externo","divulga\u00e7\u00e3o-de-marca","embalagem-corporativa","embalagens-ecol\u00f3gicas","gramaturas-tnt","lembran\u00e7a-de-marca","marketing-de-varejo","merchandising-em-eventos","mochila-saco-tnt","reuso-criativo","sacolas personalizadas","sacolas promocionais","sacolas-com-al\u00e7a-tipo-mochila","sacolas-de-tnt","sacolas-sustent\u00e1veis","tnt-recicl\u00e1vel"],"articleSection":["Sacola pl\u00e1stica tipo mochila"],"inLanguage":"pt-BR","potentialAction":[{"@type":"CommentAction","name":"Comment","target":["https:\/\/www.abaret.com.br\/blog\/sacola-plastica-tipo-mochila\/sacolas-com-alca-tipo-mochila-ideal-para-divulgar-sua-marca\/#respond"]}]},{"@type":"WebPage","@id":"https:\/\/www.abaret.com.br\/blog\/sacola-plastica-tipo-mochila\/sacolas-com-alca-tipo-mochila-ideal-para-divulgar-sua-marca\/","url":"https:\/\/www.abaret.com.br\/blog\/sacola-plastica-tipo-mochila\/sacolas-com-alca-tipo-mochila-ideal-para-divulgar-sua-marca\/","name":"Sacolas com al\u00e7a tipo mochila: ideal para divulgar sua marca - Abaret","isPartOf":{"@id":"https:\/\/www.abaret.com.br\/blog\/#website"},"primaryImageOfPage":{"@id":"https:\/\/www.abaret.com.br\/blog\/sacola-plastica-tipo-mochila\/sacolas-com-alca-tipo-mochila-ideal-para-divulgar-sua-marca\/#primaryimage"},"image":{"@id":"https:\/\/www.abaret.com.br\/blog\/sacola-plastica-tipo-mochila\/sacolas-com-alca-tipo-mochila-ideal-para-divulgar-sua-marca\/#primaryimage"},"thumbnailUrl":"https:\/\/www.abaret.com.br\/blog\/wp-content\/uploads\/2023\/09\/20230905140603_fpdl.in_mochila-preta-branca-em-uma-corda-saco-de-esporte-em-fundo-branco_110633-437_normal.jpg","datePublished":"2025-06-16T14:35:14+00:00","dateModified":"2025-06-16T14:36:39+00:00","description":"Descubra como sacolas com al\u00e7a tipo mochila em TNT, cord\u00e3o externo ou embutido, s\u00e3o aliadas estrat\u00e9gicas para branding, praticidade e sustentabilidade nos pontos de venda.","breadcrumb":{"@id":"https:\/\/www.abaret.com.br\/blog\/sacola-plastica-tipo-mochila\/sacolas-com-alca-tipo-mochila-ideal-para-divulgar-sua-marca\/#breadcrumb"},"inLanguage":"pt-BR","potentialAction":[{"@type":"ReadAction","target":["https:\/\/www.abaret.com.br\/blog\/sacola-plastica-tipo-mochila\/sacolas-com-alca-tipo-mochila-ideal-para-divulgar-sua-marca\/"]}]},{"@type":"ImageObject","inLanguage":"pt-BR","@id":"https:\/\/www.abaret.com.br\/blog\/sacola-plastica-tipo-mochila\/sacolas-com-alca-tipo-mochila-ideal-para-divulgar-sua-marca\/#primaryimage","url":"https:\/\/www.abaret.com.br\/blog\/wp-content\/uploads\/2023\/09\/20230905140603_fpdl.in_mochila-preta-branca-em-uma-corda-saco-de-esporte-em-fundo-branco_110633-437_normal.jpg","contentUrl":"https:\/\/www.abaret.com.br\/blog\/wp-content\/uploads\/2023\/09\/20230905140603_fpdl.in_mochila-preta-branca-em-uma-corda-saco-de-esporte-em-fundo-branco_110633-437_normal.jpg","width":626,"height":390,"caption":"Sacolas com al\u00e7a tipo mochila: ideal para divulgar sua marca"},{"@type":"BreadcrumbList","@id":"https:\/\/www.abaret.com.br\/blog\/sacola-plastica-tipo-mochila\/sacolas-com-alca-tipo-mochila-ideal-para-divulgar-sua-marca\/#breadcrumb","itemListElement":[{"@type":"ListItem","position":1,"name":"In\u00edcio","item":"https:\/\/www.abaret.com.br\/blog\/"},{"@type":"ListItem","position":2,"name":"Sacolas com al\u00e7a tipo mochila: ideal para divulgar sua marca"}]},{"@type":"WebSite","@id":"https:\/\/www.abaret.com.br\/blog\/#website","url":"https:\/\/www.abaret.com.br\/blog\/","name":"Abaret","description":"Blog","publisher":{"@id":"https:\/\/www.abaret.com.br\/blog\/#organization"},"potentialAction":[{"@type":"SearchAction","target":{"@type":"EntryPoint","urlTemplate":"https:\/\/www.abaret.com.br\/blog\/?s={search_term_string}"},"query-input":{"@type":"PropertyValueSpecification","valueRequired":true,"valueName":"search_term_string"}}],"inLanguage":"pt-BR"},{"@type":"Organization","@id":"https:\/\/www.abaret.com.br\/blog\/#organization","name":"Abaret","url":"https:\/\/www.abaret.com.br\/blog\/","logo":{"@type":"ImageObject","inLanguage":"pt-BR","@id":"https:\/\/www.abaret.com.br\/blog\/#\/schema\/logo\/image\/","url":"https:\/\/www.abaret.com.br\/blog\/wp-content\/uploads\/2022\/01\/logo-abaret.png","contentUrl":"https:\/\/www.abaret.com.br\/blog\/wp-content\/uploads\/2022\/01\/logo-abaret.png","width":200,"height":63,"caption":"Abaret"},"image":{"@id":"https:\/\/www.abaret.com.br\/blog\/#\/schema\/logo\/image\/"}},{"@type":"Person","@id":"https:\/\/www.abaret.com.br\/blog\/#\/schema\/person\/16562f3dee9f40ecacf3d0517282ef1d","name":"admin","image":{"@type":"ImageObject","inLanguage":"pt-BR","@id":"https:\/\/secure.gravatar.com\/avatar\/3813f53848958b8842eeafda91666185a90010f65ed554379b78794cde6f234a?s=96&d=mm&r=g","url":"https:\/\/secure.gravatar.com\/avatar\/3813f53848958b8842eeafda91666185a90010f65ed554379b78794cde6f234a?s=96&d=mm&r=g","contentUrl":"https:\/\/secure.gravatar.com\/avatar\/3813f53848958b8842eeafda91666185a90010f65ed554379b78794cde6f234a?s=96&d=mm&r=g","caption":"admin"},"sameAs":["https:\/\/abaret.com.br\/blog"],"url":"https:\/\/www.abaret.com.br\/blog\/author\/admin\/"}]}},"_links":{"self":[{"href":"https:\/\/www.abaret.com.br\/blog\/wp-json\/wp\/v2\/posts\/244","targetHints":{"allow":["GET"]}}],"collection":[{"href":"https:\/\/www.abaret.com.br\/blog\/wp-json\/wp\/v2\/posts"}],"about":[{"href":"https:\/\/www.abaret.com.br\/blog\/wp-json\/wp\/v2\/types\/post"}],"author":[{"embeddable":true,"href":"https:\/\/www.abaret.com.br\/blog\/wp-json\/wp\/v2\/users\/1"}],"replies":[{"embeddable":true,"href":"https:\/\/www.abaret.com.br\/blog\/wp-json\/wp\/v2\/comments?post=244"}],"version-history":[{"count":1,"href":"https:\/\/www.abaret.com.br\/blog\/wp-json\/wp\/v2\/posts\/244\/revisions"}],"predecessor-version":[{"id":245,"href":"https:\/\/www.abaret.com.br\/blog\/wp-json\/wp\/v2\/posts\/244\/revisions\/245"}],"wp:featuredmedia":[{"embeddable":true,"href":"https:\/\/www.abaret.com.br\/blog\/wp-json\/wp\/v2\/media\/128"}],"wp:attachment":[{"href":"https:\/\/www.abaret.com.br\/blog\/wp-json\/wp\/v2\/media?parent=244"}],"wp:term":[{"taxonomy":"category","embeddable":true,"href":"https:\/\/www.abaret.com.br\/blog\/wp-json\/wp\/v2\/categories?post=244"},{"taxonomy":"post_tag","embeddable":true,"href":"https:\/\/www.abaret.com.br\/blog\/wp-json\/wp\/v2\/tags?post=244"}],"curies":[{"name":"wp","href":"https:\/\/api.w.org\/{rel}","templated":true}]}}