{"id":203,"date":"2024-09-05T19:17:14","date_gmt":"2024-09-05T19:17:14","guid":{"rendered":"https:\/\/abaret.com.br\/blog\/?p=203"},"modified":"2024-09-05T19:24:38","modified_gmt":"2024-09-05T19:24:38","slug":"sacolas-de-papel-kraft-a-solucao-sustentavel-para-o-seu-negocio","status":"publish","type":"post","link":"https:\/\/www.abaret.com.br\/blog\/saco-kraft\/sacolas-de-papel-kraft-a-solucao-sustentavel-para-o-seu-negocio\/","title":{"rendered":"Sacolas de papel kraft: a solu\u00e7\u00e3o sustent\u00e1vel para o seu neg\u00f3cio"},"content":{"rendered":"<span class=\"span-reading-time rt-reading-time\" style=\"display: block;\"><span class=\"rt-label rt-prefix\">Tempo de leitura:<\/span> <span class=\"rt-time\"> 5<\/span> <span class=\"rt-label rt-postfix\">minutos<\/span><\/span>\n<p class=\"has-medium-font-size\"><strong><em>Saiba mais sobre as sacolas de papel kraft, seus benef\u00edcios, modelos dispon\u00edveis e como elas podem agregar valor ao seu neg\u00f3cio.<\/em><\/strong><\/p>\n\n\n\n<p>As <strong>sacolas de papel kraft<\/strong> t\u00eam ganhado popularidade nos \u00faltimos anos, especialmente com o aumento da demanda por solu\u00e7\u00f5es mais ecol\u00f3gicas no setor de embalagens. <\/p>\n\n\n\n<p>Feitas a partir de fibra de celulose, elas s\u00e3o conhecidas por sua resist\u00eancia e durabilidade, al\u00e9m de serem biodegrad\u00e1veis. <\/p>\n\n\n\n<p>Ideal para diversos tipos de com\u00e9rcio, essas sacolas oferecem uma \u00f3tima rela\u00e7\u00e3o custo-benef\u00edcio e uma apar\u00eancia sofisticada.<\/p>\n\n\n\n<p>Neste artigo, vamos explorar as vantagens das sacolas de papel kraft, as diferentes op\u00e7\u00f5es de personaliza\u00e7\u00e3o e tamanhos, al\u00e9m de como essa escolha pode beneficiar tanto o meio ambiente quanto a imagem da sua marca.<\/p>\n\n\n\n<ul class=\"wp-block-list\">\n<li><a href=\"https:\/\/abaret.com.br\/blog\/sacolas-personalizadas\/saquinho-de-tnt-personalizado-a-escolha-certa-para-sua-marca\/\">Saquinho de TNT personalizado: a escolha certa para sua marca<\/a><\/li>\n<\/ul>\n\n\n\n<div id=\"ez-toc-container\" class=\"ez-toc-v2_0_81 counter-hierarchy ez-toc-counter ez-toc-grey ez-toc-container-direction\">\n<div class=\"ez-toc-title-container\">\n<p class=\"ez-toc-title\" style=\"cursor:inherit\">Sum\u00e1rio<\/p>\n<span class=\"ez-toc-title-toggle\"><a href=\"#\" class=\"ez-toc-pull-right ez-toc-btn ez-toc-btn-xs ez-toc-btn-default ez-toc-toggle\" aria-label=\"Alternar tabela de conte\u00fado\"><span class=\"ez-toc-js-icon-con\"><span class=\"\"><span class=\"eztoc-hide\" style=\"display:none;\">Toggle<\/span><span class=\"ez-toc-icon-toggle-span\"><svg style=\"fill: #999;color:#999\" xmlns=\"http:\/\/www.w3.org\/2000\/svg\" class=\"list-377408\" width=\"20px\" height=\"20px\" viewBox=\"0 0 24 24\" fill=\"none\"><path d=\"M6 6H4v2h2V6zm14 0H8v2h12V6zM4 11h2v2H4v-2zm16 0H8v2h12v-2zM4 16h2v2H4v-2zm16 0H8v2h12v-2z\" fill=\"currentColor\"><\/path><\/svg><svg style=\"fill: #999;color:#999\" class=\"arrow-unsorted-368013\" xmlns=\"http:\/\/www.w3.org\/2000\/svg\" width=\"10px\" height=\"10px\" viewBox=\"0 0 24 24\" version=\"1.2\" baseProfile=\"tiny\"><path d=\"M18.2 9.3l-6.2-6.3-6.2 6.3c-.2.2-.3.4-.3.7s.1.5.3.7c.2.2.4.3.7.3h11c.3 0 .5-.1.7-.3.2-.2.3-.5.3-.7s-.1-.5-.3-.7zM5.8 14.7l6.2 6.3 6.2-6.3c.2-.2.3-.5.3-.7s-.1-.5-.3-.7c-.2-.2-.4-.3-.7-.3h-11c-.3 0-.5.1-.7.3-.2.2-.3.5-.3.7s.1.5.3.7z\"\/><\/svg><\/span><\/span><\/span><\/a><\/span><\/div>\n<nav><ul class='ez-toc-list ez-toc-list-level-1 ' ><li class='ez-toc-page-1 ez-toc-heading-level-2'><a class=\"ez-toc-link ez-toc-heading-1\" href=\"https:\/\/www.abaret.com.br\/blog\/saco-kraft\/sacolas-de-papel-kraft-a-solucao-sustentavel-para-o-seu-negocio\/#O_que_sao_sacolas_de_papel_kraft\" >O que s\u00e3o sacolas de papel kraft?<\/a><ul class='ez-toc-list-level-3' ><li class='ez-toc-heading-level-3'><a class=\"ez-toc-link ez-toc-heading-2\" href=\"https:\/\/www.abaret.com.br\/blog\/saco-kraft\/sacolas-de-papel-kraft-a-solucao-sustentavel-para-o-seu-negocio\/#Modelos_disponiveis\" >Modelos dispon\u00edveis<\/a><\/li><\/ul><\/li><li class='ez-toc-page-1 ez-toc-heading-level-2'><a class=\"ez-toc-link ez-toc-heading-3\" href=\"https:\/\/www.abaret.com.br\/blog\/saco-kraft\/sacolas-de-papel-kraft-a-solucao-sustentavel-para-o-seu-negocio\/#Beneficios_das_sacolas_de_papel_kraft_para_o_seu_negocio\" >Benef\u00edcios das sacolas de papel kraft para o seu neg\u00f3cio<\/a><\/li><li class='ez-toc-page-1 ez-toc-heading-level-2'><a class=\"ez-toc-link ez-toc-heading-4\" href=\"https:\/\/www.abaret.com.br\/blog\/saco-kraft\/sacolas-de-papel-kraft-a-solucao-sustentavel-para-o-seu-negocio\/#Abaret_producao_sob_demanda_e_atendimento_personalizado\" >Abaret: produ\u00e7\u00e3o sob demanda e atendimento personalizado<\/a><\/li><\/ul><\/nav><\/div>\n<h2 class=\"wp-block-heading\"><span class=\"ez-toc-section\" id=\"O_que_sao_sacolas_de_papel_kraft\"><\/span>O que s\u00e3o sacolas de papel kraft?<span class=\"ez-toc-section-end\"><\/span><\/h2>\n\n\n<div class=\"wp-block-image\">\n<figure class=\"aligncenter size-full is-resized\"><img loading=\"lazy\" decoding=\"async\" width=\"600\" height=\"400\" src=\"https:\/\/abaret.com.br\/blog\/wp-content\/uploads\/2024\/09\/34d8528974bb5b3f8bde3f054e8162e9.jpg\" alt=\"Sacolas de papel kraft: a solu\u00e7\u00e3o sustent\u00e1vel para o seu neg\u00f3cio\" class=\"wp-image-205\" style=\"width:458px;height:auto\" srcset=\"https:\/\/www.abaret.com.br\/blog\/wp-content\/uploads\/2024\/09\/34d8528974bb5b3f8bde3f054e8162e9.jpg 600w, https:\/\/www.abaret.com.br\/blog\/wp-content\/uploads\/2024\/09\/34d8528974bb5b3f8bde3f054e8162e9-300x200.jpg 300w\" sizes=\"auto, (max-width: 600px) 100vw, 600px\" \/><\/figure>\n<\/div>\n\n\n<p>As <strong>sacolas de papel kraft<\/strong> s\u00e3o feitas de um tipo de papel grosso e robusto, conhecido por sua resist\u00eancia. O papel kraft \u00e9 produzido a partir de polpa de madeira de fibras longas, o que confere \u00e0 sacola sua durabilidade. <\/p>\n\n\n\n<p>Por ser biodegrad\u00e1vel e recicl\u00e1vel, essas sacolas s\u00e3o uma alternativa ecologicamente correta \u00e0s sacolas pl\u00e1sticas, que s\u00e3o altamente poluentes.<\/p>\n\n\n\n<h3 class=\"wp-block-heading\"><span class=\"ez-toc-section\" id=\"Modelos_disponiveis\"><\/span>Modelos dispon\u00edveis<span class=\"ez-toc-section-end\"><\/span><\/h3>\n\n\n\n<p>Existem diferentes modelos e tamanhos de sacolas de papel kraft no mercado, atendendo \u00e0s necessidades espec\u00edficas de cada tipo de com\u00e9rcio. Entre os modelos mais comuns, podemos destacar:<\/p>\n\n\n\n<ul class=\"wp-block-list\">\n<li><strong>Sacolas de papel kraft pardo com al\u00e7a retorcida<\/strong>: s\u00e3o ideais para lojas de roupas, presentes e cosm\u00e9ticos. <br><br>Essas sacolas combinam eleg\u00e2ncia com praticidade, proporcionando uma excelente apresenta\u00e7\u00e3o dos produtos. <br><br>Al\u00e9m disso, possuem uma \u00f3tima rela\u00e7\u00e3o <strong>custo-benef\u00edcio<\/strong>, o que \u00e9 um ponto importante para qualquer neg\u00f3cio;<br><\/li>\n\n\n\n<li><strong>Sacos de papel kraft<\/strong>: perfeitos para itens menores, como acess\u00f3rios e alimentos. S\u00e3o vers\u00e1teis, com <strong>\u00f3timo acabamento<\/strong> e diferentes op\u00e7\u00f5es de tamanhos, al\u00e9m de suportarem personaliza\u00e7\u00f5es de alta qualidade.<\/li>\n<\/ul>\n\n\n\n<p>Ambos os modelos podem ser adquiridos em grandes quantidades, a partir de <strong>2.000 unidades<\/strong>, o que \u00e9 ideal para empresas que desejam padronizar suas embalagens e garantir o melhor custo por unidade.<\/p>\n\n\n\n<ul class=\"wp-block-list\">\n<li><a href=\"https:\/\/abaret.com.br\/blog\/tnt\/saquinhos-de-tnt-quais-suas-propriedades\/\">Saquinhos de TNT: quais suas propriedades<\/a><\/li>\n<\/ul>\n\n\n\n<h2 class=\"wp-block-heading\"><span class=\"ez-toc-section\" id=\"Beneficios_das_sacolas_de_papel_kraft_para_o_seu_negocio\"><\/span>Benef\u00edcios das sacolas de papel kraft para o seu neg\u00f3cio<span class=\"ez-toc-section-end\"><\/span><\/h2>\n\n\n\n<p>As <strong>sacolas de papel kraft<\/strong> s\u00e3o muito mais do que uma simples embalagem. Elas podem trazer diversos benef\u00edcios para o seu neg\u00f3cio, tanto em termos de sustentabilidade quanto na constru\u00e7\u00e3o da sua marca.<\/p>\n\n\n\n<p><strong>1. Sustentabilidade e compromisso ambiental<\/strong><br>Uma das principais raz\u00f5es pelas quais as empresas est\u00e3o adotando as sacolas de papel kraft \u00e9 o compromisso com a <strong>sustentabilidade<\/strong>. <\/p>\n\n\n\n<p>Ao optar por essas sacolas, voc\u00ea est\u00e1 contribuindo para a redu\u00e7\u00e3o do uso de pl\u00e1sticos e, consequentemente, diminuindo o impacto ambiental. <\/p>\n\n\n\n<p>Al\u00e9m disso, elas s\u00e3o <strong>biodegrad\u00e1veis<\/strong> e podem ser recicladas, o que fortalece a imagem da sua empresa como ecologicamente respons\u00e1vel.<\/p>\n\n\n\n<p><strong>2. Resist\u00eancia e durabilidade<\/strong><br>Apesar de serem feitas de papel, as sacolas de papel kraft s\u00e3o extremamente resistentes, capazes de carregar produtos pesados sem rasgar. <\/p>\n\n\n\n<p>Isso se deve \u00e0 composi\u00e7\u00e3o das fibras de celulose, que tornam o papel mais robusto e dur\u00e1vel. <\/p>\n\n\n\n<p><strong>Sacolas com al\u00e7a retorcida<\/strong>, por exemplo, s\u00e3o muito mais resistentes do que sacolas pl\u00e1sticas comuns, o que garante maior seguran\u00e7a no transporte de produtos.<\/p>\n\n\n\n<p><strong>3. Personaliza\u00e7\u00e3o de alta qualidade<\/strong><br>A personaliza\u00e7\u00e3o \u00e9 outro grande diferencial dessas sacolas. <\/p>\n\n\n\n<p>O <strong>papel kraft<\/strong> \u00e9 ideal para receber impress\u00f5es de alta qualidade, possibilitando que sua marca seja exibida de forma clara e n\u00edtida. <\/p>\n\n\n\n<p>Al\u00e9m disso, a variedade de cores e acabamentos dispon\u00edveis permite que voc\u00ea adapte o design das sacolas ao seu estilo de comunica\u00e7\u00e3o, criando um material que seja n\u00e3o apenas funcional, mas tamb\u00e9m esteticamente atraente.<\/p>\n\n\n\n<p><strong>4. Custo-benef\u00edcio<\/strong><br>Apesar de todas as suas vantagens, as sacolas de papel kraft t\u00eam um <strong>excelente custo-benef\u00edcio<\/strong>, especialmente quando compradas em grandes quantidades. <\/p>\n\n\n\n<p>Para neg\u00f3cios que precisam de embalagens padronizadas e de alta qualidade, essa \u00e9 uma das op\u00e7\u00f5es mais econ\u00f4micas dispon\u00edveis no mercado.<\/p>\n\n\n\n<ul class=\"wp-block-list\">\n<li><a href=\"https:\/\/abaret.com.br\/blog\/sacolas-alca-camiseta-personalizadas\/sacolas-alca-camiseta-personalizadas-conheca-a-empresa-ideal-para-comprar\/\">Sacolas al\u00e7a camiseta personalizadas: conhe\u00e7a a empresa ideal para comprar<\/a><\/li>\n<\/ul>\n\n\n\n<h2 class=\"wp-block-heading\"><span class=\"ez-toc-section\" id=\"Abaret_producao_sob_demanda_e_atendimento_personalizado\"><\/span>Abaret: produ\u00e7\u00e3o sob demanda e atendimento personalizado<span class=\"ez-toc-section-end\"><\/span><\/h2>\n\n\n\n<p>Desde <strong>1988<\/strong>, oferecemos <strong>sacolas de papel kraft<\/strong> de alta qualidade, sempre focados em atender as necessidades espec\u00edficas dos nossos clientes. <\/p>\n\n\n\n<p>Com mais de <strong>tr\u00eas d\u00e9cadas de tradi\u00e7\u00e3o<\/strong>, nosso atendimento \u00e9 personalizado, garantindo que entendemos as expectativas de cada parceiro e criamos solu\u00e7\u00f5es sob medida.<\/p>\n\n\n\n<p>Nosso processo de produ\u00e7\u00e3o \u00e9 realizado a partir de <strong>2.000 unidades<\/strong>, o que permite que cada empresa consiga padronizar suas embalagens com o melhor custo poss\u00edvel. <\/p>\n\n\n\n<p>Al\u00e9m disso, oferecemos uma ampla linha de produtos, que inclui sacolas de pl\u00e1stico biodegrad\u00e1vel, sacolas e sacos de <strong>TNT<\/strong> e <strong>sacolas de papel<\/strong>, todas com um padr\u00e3o de excel\u00eancia.<\/p>\n\n\n\n<p>Se voc\u00ea est\u00e1 buscando uma <a href=\"https:\/\/www.abaret.com.br\/\">solu\u00e7\u00e3o de embalagem<\/a> que agregue valor ao seu neg\u00f3cio, as <strong>sacolas de papel <\/strong>s\u00e3o, sem d\u00favida, uma excelente op\u00e7\u00e3o. <\/p>\n\n\n\n<p>Aproveite a chance de contribuir com o meio ambiente e, ao mesmo tempo, oferecer uma embalagem de qualidade aos seus clientes.<\/p>\n","protected":false},"excerpt":{"rendered":"<p><span class=\"span-reading-time rt-reading-time\" style=\"display: block;\"><span class=\"rt-label rt-prefix\">Tempo de leitura:<\/span> <span class=\"rt-time\"> 5<\/span> <span class=\"rt-label rt-postfix\">minutos<\/span><\/span>Saiba mais sobre as sacolas de papel kraft, seus benef\u00edcios, modelos dispon\u00edveis e como elas podem agregar valor ao seu neg\u00f3cio. As sacolas de papel kraft t\u00eam ganhado popularidade nos \u00faltimos anos, especialmente com o aumento da demanda por solu\u00e7\u00f5es mais ecol\u00f3gicas no setor de embalagens. Feitas a partir de fibra de celulose, elas s\u00e3o &hellip; <\/p>\n","protected":false},"author":1,"featured_media":204,"comment_status":"open","ping_status":"open","sticky":false,"template":"","format":"standard","meta":{"footnotes":""},"categories":[110,14],"tags":[4552,4556,4558,4549,4561,4551,4557,4554,4555,4548,4553,4560,4559,4547,4550,4562,4568,4572,4574,4565,4577,4567,4573,4570,4571,4564,4569,4576,4575,4563,4566,4578,4584,4588,4590,4581,4593,4583,4589,4586,4587,4580,4585,4592,4591,4579,4582,4594,4600,4604,4606,4597,4609,4599,4605,4602,4603,4596,4601,4608,4607,4595,4598,4610,4616,4620,4622,4613,4625,4615,4621,4618,4619,4612,4617,4624,4623,4611,4614,4626,4536,4540,4542,4533,4545,4535,4541,4538,4539,4532,4537,4544,4543,4531,4534,4546,4648,4632,4680,4696,4664,4712,4652,4636,4684,4700,4668,4716,4654,4638,4686,4702,4670,4718,4645,4629,4677,4693,4661,4709,4657,4641,4689,4705,4673,4721,4647,4631,4679,4695,4663,4711,4653,4637,4685,4701,4669,4717,4650,4634,4682,4698,4666,4714,4651,4635,4683,4699,4667,4715,4644,4628,4676,4692,4660,4708,4649,4633,4681,4697,4665,4713,4656,4640,4688,4704,4672,4720,4655,4639,4687,4703,4671,4719,4646,4630,4678,4694,4662,4710,4643,4627,4675,4691,4659,4707,4658,4642,4690,4706,4674,4722],"class_list":["post-203","post","type-post","status-publish","format-standard","has-post-thumbnail","hentry","category-saco-kraft","category-sacolas-personalizadas","tag-comprar-sacolas-de-papel-kraft-atacado","tag-comprar-sacolas-de-papel-kraft-baratas","tag-comprar-sacolas-de-papel-kraft-com-alca","tag-comprar-sacolas-de-papel-kraft-com-logo","tag-comprar-sacolas-de-papel-kraft-com-reforco","tag-comprar-sacolas-de-papel-kraft-estampadas","tag-comprar-sacolas-de-papel-kraft-grande","tag-comprar-sacolas-de-papel-kraft-lisas","tag-comprar-sacolas-de-papel-kraft-marrons","tag-comprar-sacolas-de-papel-kraft-para-delivery","tag-comprar-sacolas-de-papel-kraft-para-lojas","tag-comprar-sacolas-de-papel-kraft-para-presente","tag-comprar-sacolas-de-papel-kraft-pequena","tag-comprar-sacolas-de-papel-kraft-personalizadas","tag-comprar-sacolas-de-papel-kraft-personalizadas-baratas","tag-comprar-sacolas-de-papel-kraft-resistentes","tag-fabrica-de-sacolas-de-papel-kraft-atacado","tag-fabrica-de-sacolas-de-papel-kraft-baratas","tag-fabrica-de-sacolas-de-papel-kraft-com-alca","tag-fabrica-de-sacolas-de-papel-kraft-com-logo","tag-fabrica-de-sacolas-de-papel-kraft-com-reforco","tag-fabrica-de-sacolas-de-papel-kraft-estampadas","tag-fabrica-de-sacolas-de-papel-kraft-grande","tag-fabrica-de-sacolas-de-papel-kraft-lisas","tag-fabrica-de-sacolas-de-papel-kraft-marrons","tag-fabrica-de-sacolas-de-papel-kraft-para-delivery","tag-fabrica-de-sacolas-de-papel-kraft-para-lojas","tag-fabrica-de-sacolas-de-papel-kraft-para-presente","tag-fabrica-de-sacolas-de-papel-kraft-pequena","tag-fabrica-de-sacolas-de-papel-kraft-personalizadas","tag-fabrica-de-sacolas-de-papel-kraft-personalizadas-baratas","tag-fabrica-de-sacolas-de-papel-kraft-resistentes","tag-fabricante-de-sacolas-de-papel-kraft-atacado","tag-fabricante-de-sacolas-de-papel-kraft-baratas","tag-fabricante-de-sacolas-de-papel-kraft-com-alca","tag-fabricante-de-sacolas-de-papel-kraft-com-logo","tag-fabricante-de-sacolas-de-papel-kraft-com-reforco","tag-fabricante-de-sacolas-de-papel-kraft-estampadas","tag-fabricante-de-sacolas-de-papel-kraft-grande","tag-fabricante-de-sacolas-de-papel-kraft-lisas","tag-fabricante-de-sacolas-de-papel-kraft-marrons","tag-fabricante-de-sacolas-de-papel-kraft-para-delivery","tag-fabricante-de-sacolas-de-papel-kraft-para-lojas","tag-fabricante-de-sacolas-de-papel-kraft-para-presente","tag-fabricante-de-sacolas-de-papel-kraft-pequena","tag-fabricante-de-sacolas-de-papel-kraft-personalizadas","tag-fabricante-de-sacolas-de-papel-kraft-personalizadas-baratas","tag-fabricante-de-sacolas-de-papel-kraft-resistentes","tag-fornecedor-de-sacolas-de-papel-kraft-atacado","tag-fornecedor-de-sacolas-de-papel-kraft-baratas","tag-fornecedor-de-sacolas-de-papel-kraft-com-alca","tag-fornecedor-de-sacolas-de-papel-kraft-com-logo","tag-fornecedor-de-sacolas-de-papel-kraft-com-reforco","tag-fornecedor-de-sacolas-de-papel-kraft-estampadas","tag-fornecedor-de-sacolas-de-papel-kraft-grande","tag-fornecedor-de-sacolas-de-papel-kraft-lisas","tag-fornecedor-de-sacolas-de-papel-kraft-marrons","tag-fornecedor-de-sacolas-de-papel-kraft-para-delivery","tag-fornecedor-de-sacolas-de-papel-kraft-para-lojas","tag-fornecedor-de-sacolas-de-papel-kraft-para-presente","tag-fornecedor-de-sacolas-de-papel-kraft-pequena","tag-fornecedor-de-sacolas-de-papel-kraft-personalizadas","tag-fornecedor-de-sacolas-de-papel-kraft-personalizadas-baratas","tag-fornecedor-de-sacolas-de-papel-kraft-resistentes","tag-loja-de-sacolas-de-papel-kraft-atacado","tag-loja-de-sacolas-de-papel-kraft-baratas","tag-loja-de-sacolas-de-papel-kraft-com-alca","tag-loja-de-sacolas-de-papel-kraft-com-logo","tag-loja-de-sacolas-de-papel-kraft-com-reforco","tag-loja-de-sacolas-de-papel-kraft-estampadas","tag-loja-de-sacolas-de-papel-kraft-grande","tag-loja-de-sacolas-de-papel-kraft-lisas","tag-loja-de-sacolas-de-papel-kraft-marrons","tag-loja-de-sacolas-de-papel-kraft-para-delivery","tag-loja-de-sacolas-de-papel-kraft-para-lojas","tag-loja-de-sacolas-de-papel-kraft-para-presente","tag-loja-de-sacolas-de-papel-kraft-pequena","tag-loja-de-sacolas-de-papel-kraft-personalizadas","tag-loja-de-sacolas-de-papel-kraft-personalizadas-baratas","tag-loja-de-sacolas-de-papel-kraft-resistentes","tag-onde-encontrar-sacolas-de-papel-kraft-atacado","tag-onde-encontrar-sacolas-de-papel-kraft-baratas","tag-onde-encontrar-sacolas-de-papel-kraft-com-alca","tag-onde-encontrar-sacolas-de-papel-kraft-com-logo","tag-onde-encontrar-sacolas-de-papel-kraft-com-reforco","tag-onde-encontrar-sacolas-de-papel-kraft-estampadas","tag-onde-encontrar-sacolas-de-papel-kraft-grande","tag-onde-encontrar-sacolas-de-papel-kraft-lisas","tag-onde-encontrar-sacolas-de-papel-kraft-marrons","tag-onde-encontrar-sacolas-de-papel-kraft-para-delivery","tag-onde-encontrar-sacolas-de-papel-kraft-para-lojas","tag-onde-encontrar-sacolas-de-papel-kraft-para-presente","tag-onde-encontrar-sacolas-de-papel-kraft-pequena","tag-onde-encontrar-sacolas-de-papel-kraft-personalizadas","tag-onde-encontrar-sacolas-de-papel-kraft-personalizadas-baratas","tag-onde-encontrar-sacolas-de-papel-kraft-resistentes","tag-sacolas-de-papel-kraft-atacado-em-sao-paulo","tag-sacolas-de-papel-kraft-atacado-em-sp","tag-sacolas-de-papel-kraft-atacado-na-vila-maria","tag-sacolas-de-papel-kraft-atacado-na-zona-leste","tag-sacolas-de-papel-kraft-atacado-na-zona-norte","tag-sacolas-de-papel-kraft-atacado-no-belenzinho","tag-sacolas-de-papel-kraft-baratas-em-sao-paulo","tag-sacolas-de-papel-kraft-baratas-em-sp","tag-sacolas-de-papel-kraft-baratas-na-vila-maria","tag-sacolas-de-papel-kraft-baratas-na-zona-leste","tag-sacolas-de-papel-kraft-baratas-na-zona-norte","tag-sacolas-de-papel-kraft-baratas-no-belenzinho","tag-sacolas-de-papel-kraft-com-alca-em-sao-paulo","tag-sacolas-de-papel-kraft-com-alca-em-sp","tag-sacolas-de-papel-kraft-com-alca-na-vila-maria","tag-sacolas-de-papel-kraft-com-alca-na-zona-leste","tag-sacolas-de-papel-kraft-com-alca-na-zona-norte","tag-sacolas-de-papel-kraft-com-alca-no-belenzinho","tag-sacolas-de-papel-kraft-com-logo-em-sao-paulo","tag-sacolas-de-papel-kraft-com-logo-em-sp","tag-sacolas-de-papel-kraft-com-logo-na-vila-maria","tag-sacolas-de-papel-kraft-com-logo-na-zona-leste","tag-sacolas-de-papel-kraft-com-logo-na-zona-norte","tag-sacolas-de-papel-kraft-com-logo-no-belenzinho","tag-sacolas-de-papel-kraft-com-reforco-em-sao-paulo","tag-sacolas-de-papel-kraft-com-reforco-em-sp","tag-sacolas-de-papel-kraft-com-reforco-na-vila-maria","tag-sacolas-de-papel-kraft-com-reforco-na-zona-leste","tag-sacolas-de-papel-kraft-com-reforco-na-zona-norte","tag-sacolas-de-papel-kraft-com-reforco-no-belenzinho","tag-sacolas-de-papel-kraft-estampadas-em-sao-paulo","tag-sacolas-de-papel-kraft-estampadas-em-sp","tag-sacolas-de-papel-kraft-estampadas-na-vila-maria","tag-sacolas-de-papel-kraft-estampadas-na-zona-leste","tag-sacolas-de-papel-kraft-estampadas-na-zona-norte","tag-sacolas-de-papel-kraft-estampadas-no-belenzinho","tag-sacolas-de-papel-kraft-grande-em-sao-paulo","tag-sacolas-de-papel-kraft-grande-em-sp","tag-sacolas-de-papel-kraft-grande-na-vila-maria","tag-sacolas-de-papel-kraft-grande-na-zona-leste","tag-sacolas-de-papel-kraft-grande-na-zona-norte","tag-sacolas-de-papel-kraft-grande-no-belenzinho","tag-sacolas-de-papel-kraft-lisas-em-sao-paulo","tag-sacolas-de-papel-kraft-lisas-em-sp","tag-sacolas-de-papel-kraft-lisas-na-vila-maria","tag-sacolas-de-papel-kraft-lisas-na-zona-leste","tag-sacolas-de-papel-kraft-lisas-na-zona-norte","tag-sacolas-de-papel-kraft-lisas-no-belenzinho","tag-sacolas-de-papel-kraft-marrons-em-sao-paulo","tag-sacolas-de-papel-kraft-marrons-em-sp","tag-sacolas-de-papel-kraft-marrons-na-vila-maria","tag-sacolas-de-papel-kraft-marrons-na-zona-leste","tag-sacolas-de-papel-kraft-marrons-na-zona-norte","tag-sacolas-de-papel-kraft-marrons-no-belenzinho","tag-sacolas-de-papel-kraft-para-delivery-em-sao-paulo","tag-sacolas-de-papel-kraft-para-delivery-em-sp","tag-sacolas-de-papel-kraft-para-delivery-na-vila-maria","tag-sacolas-de-papel-kraft-para-delivery-na-zona-leste","tag-sacolas-de-papel-kraft-para-delivery-na-zona-norte","tag-sacolas-de-papel-kraft-para-delivery-no-belenzinho","tag-sacolas-de-papel-kraft-para-lojas-em-sao-paulo","tag-sacolas-de-papel-kraft-para-lojas-em-sp","tag-sacolas-de-papel-kraft-para-lojas-na-vila-maria","tag-sacolas-de-papel-kraft-para-lojas-na-zona-leste","tag-sacolas-de-papel-kraft-para-lojas-na-zona-norte","tag-sacolas-de-papel-kraft-para-lojas-no-belenzinho","tag-sacolas-de-papel-kraft-para-presente-em-sao-paulo","tag-sacolas-de-papel-kraft-para-presente-em-sp","tag-sacolas-de-papel-kraft-para-presente-na-vila-maria","tag-sacolas-de-papel-kraft-para-presente-na-zona-leste","tag-sacolas-de-papel-kraft-para-presente-na-zona-norte","tag-sacolas-de-papel-kraft-para-presente-no-belenzinho","tag-sacolas-de-papel-kraft-pequena-em-sao-paulo","tag-sacolas-de-papel-kraft-pequena-em-sp","tag-sacolas-de-papel-kraft-pequena-na-vila-maria","tag-sacolas-de-papel-kraft-pequena-na-zona-leste","tag-sacolas-de-papel-kraft-pequena-na-zona-norte","tag-sacolas-de-papel-kraft-pequena-no-belenzinho","tag-sacolas-de-papel-kraft-personalizadas-baratas-em-sao-paulo","tag-sacolas-de-papel-kraft-personalizadas-baratas-em-sp","tag-sacolas-de-papel-kraft-personalizadas-baratas-na-vila-maria","tag-sacolas-de-papel-kraft-personalizadas-baratas-na-zona-leste","tag-sacolas-de-papel-kraft-personalizadas-baratas-na-zona-norte","tag-sacolas-de-papel-kraft-personalizadas-baratas-no-belenzinho","tag-sacolas-de-papel-kraft-personalizadas-em-sao-paulo","tag-sacolas-de-papel-kraft-personalizadas-em-sp","tag-sacolas-de-papel-kraft-personalizadas-na-vila-maria","tag-sacolas-de-papel-kraft-personalizadas-na-zona-leste","tag-sacolas-de-papel-kraft-personalizadas-na-zona-norte","tag-sacolas-de-papel-kraft-personalizadas-no-belenzinho","tag-sacolas-de-papel-kraft-resistentes-em-sao-paulo","tag-sacolas-de-papel-kraft-resistentes-em-sp","tag-sacolas-de-papel-kraft-resistentes-na-vila-maria","tag-sacolas-de-papel-kraft-resistentes-na-zona-leste","tag-sacolas-de-papel-kraft-resistentes-na-zona-norte","tag-sacolas-de-papel-kraft-resistentes-no-belenzinho","latest_post"],"yoast_head":"<!-- This site is optimized with the Yoast SEO plugin v27.2 - https:\/\/yoast.com\/product\/yoast-seo-wordpress\/ -->\n<title>Sacolas de papel kraft: a solu\u00e7\u00e3o sustent\u00e1vel para o seu neg\u00f3cio - Abaret<\/title>\n<meta name=\"description\" content=\"Saiba mais sobre as sacolas de papel kraft, seus benef\u00edcios, modelos dispon\u00edveis e como elas podem agregar valor ao seu neg\u00f3cio.\" \/>\n<meta name=\"robots\" content=\"index, follow, max-snippet:-1, max-image-preview:large, max-video-preview:-1\" \/>\n<link rel=\"canonical\" href=\"https:\/\/www.abaret.com.br\/blog\/saco-kraft\/sacolas-de-papel-kraft-a-solucao-sustentavel-para-o-seu-negocio\/\" \/>\n<meta property=\"og:locale\" content=\"pt_BR\" \/>\n<meta property=\"og:type\" content=\"article\" \/>\n<meta property=\"og:title\" content=\"Sacolas de papel kraft: a solu\u00e7\u00e3o sustent\u00e1vel para o seu neg\u00f3cio - Abaret\" \/>\n<meta property=\"og:description\" content=\"Saiba mais sobre as sacolas de papel kraft, seus benef\u00edcios, modelos dispon\u00edveis e como elas podem agregar valor ao seu neg\u00f3cio.\" \/>\n<meta property=\"og:url\" content=\"https:\/\/www.abaret.com.br\/blog\/saco-kraft\/sacolas-de-papel-kraft-a-solucao-sustentavel-para-o-seu-negocio\/\" \/>\n<meta property=\"og:site_name\" content=\"Abaret\" \/>\n<meta property=\"article:published_time\" content=\"2024-09-05T19:17:14+00:00\" \/>\n<meta property=\"article:modified_time\" content=\"2024-09-05T19:24:38+00:00\" \/>\n<meta property=\"og:image\" content=\"https:\/\/www.abaret.com.br\/blog\/wp-content\/uploads\/2024\/09\/e3d1e4c86f670afa3f83d82496927bd7.jpg\" \/>\n\t<meta property=\"og:image:width\" content=\"600\" \/>\n\t<meta property=\"og:image:height\" content=\"400\" \/>\n\t<meta property=\"og:image:type\" content=\"image\/jpeg\" \/>\n<meta name=\"author\" content=\"admin\" \/>\n<meta name=\"twitter:card\" content=\"summary_large_image\" \/>\n<meta name=\"twitter:label1\" content=\"Escrito por\" \/>\n\t<meta name=\"twitter:data1\" content=\"admin\" \/>\n\t<meta name=\"twitter:label2\" content=\"Est. tempo de leitura\" \/>\n\t<meta name=\"twitter:data2\" content=\"5 minutos\" \/>\n<script type=\"application\/ld+json\" class=\"yoast-schema-graph\">{\"@context\":\"https:\/\/schema.org\",\"@graph\":[{\"@type\":\"Article\",\"@id\":\"https:\/\/www.abaret.com.br\/blog\/saco-kraft\/sacolas-de-papel-kraft-a-solucao-sustentavel-para-o-seu-negocio\/#article\",\"isPartOf\":{\"@id\":\"https:\/\/www.abaret.com.br\/blog\/saco-kraft\/sacolas-de-papel-kraft-a-solucao-sustentavel-para-o-seu-negocio\/\"},\"author\":{\"name\":\"admin\",\"@id\":\"https:\/\/www.abaret.com.br\/blog\/#\/schema\/person\/16562f3dee9f40ecacf3d0517282ef1d\"},\"headline\":\"Sacolas de papel kraft: a solu\u00e7\u00e3o sustent\u00e1vel para o seu neg\u00f3cio\",\"datePublished\":\"2024-09-05T19:17:14+00:00\",\"dateModified\":\"2024-09-05T19:24:38+00:00\",\"mainEntityOfPage\":{\"@id\":\"https:\/\/www.abaret.com.br\/blog\/saco-kraft\/sacolas-de-papel-kraft-a-solucao-sustentavel-para-o-seu-negocio\/\"},\"wordCount\":882,\"commentCount\":0,\"publisher\":{\"@id\":\"https:\/\/www.abaret.com.br\/blog\/#organization\"},\"image\":{\"@id\":\"https:\/\/www.abaret.com.br\/blog\/saco-kraft\/sacolas-de-papel-kraft-a-solucao-sustentavel-para-o-seu-negocio\/#primaryimage\"},\"thumbnailUrl\":\"https:\/\/www.abaret.com.br\/blog\/wp-content\/uploads\/2024\/09\/e3d1e4c86f670afa3f83d82496927bd7.jpg\",\"keywords\":[\"comprar Sacolas de papel kraft atacado\",\"comprar Sacolas de papel kraft baratas\",\"comprar Sacolas de papel kraft com al\u00e7a\",\"comprar Sacolas de papel kraft com logo\",\"comprar Sacolas de papel kraft com refor\u00e7o\",\"comprar Sacolas de papel kraft estampadas\",\"comprar Sacolas de papel kraft grande\",\"comprar Sacolas de papel kraft lisas\",\"comprar Sacolas de papel kraft marrons\",\"comprar Sacolas de papel kraft para delivery\",\"comprar Sacolas de papel kraft para lojas\",\"comprar Sacolas de papel kraft para presente\",\"comprar Sacolas de papel kraft pequena\",\"comprar Sacolas de papel kraft personalizadas\",\"comprar Sacolas de papel kraft personalizadas baratas\",\"comprar Sacolas de papel kraft resistentes\",\"f\u00e1brica de Sacolas de papel kraft atacado\",\"f\u00e1brica de Sacolas de papel kraft baratas\",\"f\u00e1brica de Sacolas de papel kraft com al\u00e7a\",\"f\u00e1brica de Sacolas de papel kraft com logo\",\"f\u00e1brica de Sacolas de papel kraft com refor\u00e7o\",\"f\u00e1brica de Sacolas de papel kraft estampadas\",\"f\u00e1brica de Sacolas de papel kraft grande\",\"f\u00e1brica de Sacolas de papel kraft lisas\",\"f\u00e1brica de Sacolas de papel kraft marrons\",\"f\u00e1brica de Sacolas de papel kraft para delivery\",\"f\u00e1brica de Sacolas de papel kraft para lojas\",\"f\u00e1brica de Sacolas de papel kraft para presente\",\"f\u00e1brica de Sacolas de papel kraft pequena\",\"f\u00e1brica de Sacolas de papel kraft personalizadas\",\"f\u00e1brica de Sacolas de papel kraft personalizadas baratas\",\"f\u00e1brica de Sacolas de papel kraft resistentes\",\"fabricante de Sacolas de papel kraft atacado\",\"fabricante de Sacolas de papel kraft baratas\",\"fabricante de Sacolas de papel kraft com al\u00e7a\",\"fabricante de Sacolas de papel kraft com logo\",\"fabricante de Sacolas de papel kraft com refor\u00e7o\",\"fabricante de Sacolas de papel kraft estampadas\",\"fabricante de Sacolas de papel kraft grande\",\"fabricante de Sacolas de papel kraft lisas\",\"fabricante de Sacolas de papel kraft marrons\",\"fabricante de Sacolas de papel kraft para delivery\",\"fabricante de Sacolas de papel kraft para lojas\",\"fabricante de Sacolas de papel kraft para presente\",\"fabricante de Sacolas de papel kraft pequena\",\"fabricante de Sacolas de papel kraft personalizadas\",\"fabricante de Sacolas de papel kraft personalizadas baratas\",\"fabricante de Sacolas de papel kraft resistentes\",\"fornecedor de Sacolas de papel kraft atacado\",\"fornecedor de Sacolas de papel kraft baratas\",\"fornecedor de Sacolas de papel kraft com al\u00e7a\",\"fornecedor de Sacolas de papel kraft com logo\",\"fornecedor de Sacolas de papel kraft com refor\u00e7o\",\"fornecedor de Sacolas de papel kraft estampadas\",\"fornecedor de Sacolas de papel kraft grande\",\"fornecedor de Sacolas de papel kraft lisas\",\"fornecedor de Sacolas de papel kraft marrons\",\"fornecedor de Sacolas de papel kraft para delivery\",\"fornecedor de Sacolas de papel kraft para lojas\",\"fornecedor de Sacolas de papel kraft para presente\",\"fornecedor de Sacolas de papel kraft pequena\",\"fornecedor de Sacolas de papel kraft personalizadas\",\"fornecedor de Sacolas de papel kraft personalizadas baratas\",\"fornecedor de Sacolas de papel kraft resistentes\",\"loja de Sacolas de papel kraft atacado\",\"loja de Sacolas de papel kraft baratas\",\"loja de Sacolas de papel kraft com al\u00e7a\",\"loja de Sacolas de papel kraft com logo\",\"loja de Sacolas de papel kraft com refor\u00e7o\",\"loja de Sacolas de papel kraft estampadas\",\"loja de Sacolas de papel kraft grande\",\"loja de Sacolas de papel kraft lisas\",\"loja de Sacolas de papel kraft marrons\",\"loja de Sacolas de papel kraft para delivery\",\"loja de Sacolas de papel kraft para lojas\",\"loja de Sacolas de papel kraft para presente\",\"loja de Sacolas de papel kraft pequena\",\"loja de Sacolas de papel kraft personalizadas\",\"loja de Sacolas de papel kraft personalizadas baratas\",\"loja de Sacolas de papel kraft resistentes\",\"onde encontrar Sacolas de papel kraft atacado\",\"onde encontrar Sacolas de papel kraft baratas\",\"onde encontrar Sacolas de papel kraft com al\u00e7a\",\"onde encontrar Sacolas de papel kraft com logo\",\"onde encontrar Sacolas de papel kraft com refor\u00e7o\",\"onde encontrar Sacolas de papel kraft estampadas\",\"onde encontrar Sacolas de papel kraft grande\",\"onde encontrar Sacolas de papel kraft lisas\",\"onde encontrar Sacolas de papel kraft marrons\",\"onde encontrar Sacolas de papel kraft para delivery\",\"onde encontrar Sacolas de papel kraft para lojas\",\"onde encontrar Sacolas de papel kraft para presente\",\"onde encontrar Sacolas de papel kraft pequena\",\"onde encontrar Sacolas de papel kraft personalizadas\",\"onde encontrar Sacolas de papel kraft personalizadas baratas\",\"onde encontrar Sacolas de papel kraft resistentes\",\"Sacolas de papel kraft atacado em s\u00e3o paulo\",\"Sacolas de papel kraft atacado em sp\",\"Sacolas de papel kraft atacado na Vila Maria\",\"Sacolas de papel kraft atacado na zona leste\",\"Sacolas de papel kraft atacado na zona norte\",\"Sacolas de papel kraft atacado no Belenzinho\",\"Sacolas de papel kraft baratas em s\u00e3o paulo\",\"Sacolas de papel kraft baratas em sp\",\"Sacolas de papel kraft baratas na Vila Maria\",\"Sacolas de papel kraft baratas na zona leste\",\"Sacolas de papel kraft baratas na zona norte\",\"Sacolas de papel kraft baratas no Belenzinho\",\"Sacolas de papel kraft com al\u00e7a em s\u00e3o paulo\",\"Sacolas de papel kraft com al\u00e7a em sp\",\"Sacolas de papel kraft com al\u00e7a na Vila Maria\",\"Sacolas de papel kraft com al\u00e7a na zona leste\",\"Sacolas de papel kraft com al\u00e7a na zona norte\",\"Sacolas de papel kraft com al\u00e7a no Belenzinho\",\"Sacolas de papel kraft com logo em s\u00e3o paulo\",\"Sacolas de papel kraft com logo em sp\",\"Sacolas de papel kraft com logo na Vila Maria\",\"Sacolas de papel kraft com logo na zona leste\",\"Sacolas de papel kraft com logo na zona norte\",\"Sacolas de papel kraft com logo no Belenzinho\",\"Sacolas de papel kraft com refor\u00e7o em s\u00e3o paulo\",\"Sacolas de papel kraft com refor\u00e7o em sp\",\"Sacolas de papel kraft com refor\u00e7o na Vila Maria\",\"Sacolas de papel kraft com refor\u00e7o na zona leste\",\"Sacolas de papel kraft com refor\u00e7o na zona norte\",\"Sacolas de papel kraft com refor\u00e7o no Belenzinho\",\"Sacolas de papel kraft estampadas em s\u00e3o paulo\",\"Sacolas de papel kraft estampadas em sp\",\"Sacolas de papel kraft estampadas na Vila Maria\",\"Sacolas de papel kraft estampadas na zona leste\",\"Sacolas de papel kraft estampadas na zona norte\",\"Sacolas de papel kraft estampadas no Belenzinho\",\"Sacolas de papel kraft grande em s\u00e3o paulo\",\"Sacolas de papel kraft grande em sp\",\"Sacolas de papel kraft grande na Vila Maria\",\"Sacolas de papel kraft grande na zona leste\",\"Sacolas de papel kraft grande na zona norte\",\"Sacolas de papel kraft grande no Belenzinho\",\"Sacolas de papel kraft lisas em s\u00e3o paulo\",\"Sacolas de papel kraft lisas em sp\",\"Sacolas de papel kraft lisas na Vila Maria\",\"Sacolas de papel kraft lisas na zona leste\",\"Sacolas de papel kraft lisas na zona norte\",\"Sacolas de papel kraft lisas no Belenzinho\",\"Sacolas de papel kraft marrons em s\u00e3o paulo\",\"Sacolas de papel kraft marrons em sp\",\"Sacolas de papel kraft marrons na Vila Maria\",\"Sacolas de papel kraft marrons na zona leste\",\"Sacolas de papel kraft marrons na zona norte\",\"Sacolas de papel kraft marrons no Belenzinho\",\"Sacolas de papel kraft para delivery em s\u00e3o paulo\",\"Sacolas de papel kraft para delivery em sp\",\"Sacolas de papel kraft para delivery na Vila Maria\",\"Sacolas de papel kraft para delivery na zona leste\",\"Sacolas de papel kraft para delivery na zona norte\",\"Sacolas de papel kraft para delivery no Belenzinho\",\"Sacolas de papel kraft para lojas em s\u00e3o paulo\",\"Sacolas de papel kraft para lojas em sp\",\"Sacolas de papel kraft para lojas na Vila Maria\",\"Sacolas de papel kraft para lojas na zona leste\",\"Sacolas de papel kraft para lojas na zona norte\",\"Sacolas de papel kraft para lojas no Belenzinho\",\"Sacolas de papel kraft para presente em s\u00e3o paulo\",\"Sacolas de papel kraft para presente em sp\",\"Sacolas de papel kraft para presente na Vila Maria\",\"Sacolas de papel kraft para presente na zona leste\",\"Sacolas de papel kraft para presente na zona norte\",\"Sacolas de papel kraft para presente no Belenzinho\",\"Sacolas de papel kraft pequena em s\u00e3o paulo\",\"Sacolas de papel kraft pequena em sp\",\"Sacolas de papel kraft pequena na Vila Maria\",\"Sacolas de papel kraft pequena na zona leste\",\"Sacolas de papel kraft pequena na zona norte\",\"Sacolas de papel kraft pequena no Belenzinho\",\"Sacolas de papel kraft personalizadas baratas em s\u00e3o paulo\",\"Sacolas de papel kraft personalizadas baratas em sp\",\"Sacolas de papel kraft personalizadas baratas na Vila Maria\",\"Sacolas de papel kraft personalizadas baratas na zona leste\",\"Sacolas de papel kraft personalizadas baratas na zona norte\",\"Sacolas de papel kraft personalizadas baratas no Belenzinho\",\"Sacolas de papel kraft personalizadas em s\u00e3o paulo\",\"Sacolas de papel kraft personalizadas em sp\",\"Sacolas de papel kraft personalizadas na Vila Maria\",\"Sacolas de papel kraft personalizadas na zona leste\",\"Sacolas de papel kraft personalizadas na zona norte\",\"Sacolas de papel kraft personalizadas no Belenzinho\",\"Sacolas de papel kraft resistentes em s\u00e3o paulo\",\"Sacolas de papel kraft resistentes em sp\",\"Sacolas de papel kraft resistentes na Vila Maria\",\"Sacolas de papel kraft resistentes na zona leste\",\"Sacolas de papel kraft resistentes na zona norte\",\"Sacolas de papel kraft resistentes no Belenzinho\"],\"articleSection\":[\"Saco kraft\",\"Sacolas Personalizadas\"],\"inLanguage\":\"pt-BR\",\"potentialAction\":[{\"@type\":\"CommentAction\",\"name\":\"Comment\",\"target\":[\"https:\/\/www.abaret.com.br\/blog\/saco-kraft\/sacolas-de-papel-kraft-a-solucao-sustentavel-para-o-seu-negocio\/#respond\"]}]},{\"@type\":\"WebPage\",\"@id\":\"https:\/\/www.abaret.com.br\/blog\/saco-kraft\/sacolas-de-papel-kraft-a-solucao-sustentavel-para-o-seu-negocio\/\",\"url\":\"https:\/\/www.abaret.com.br\/blog\/saco-kraft\/sacolas-de-papel-kraft-a-solucao-sustentavel-para-o-seu-negocio\/\",\"name\":\"Sacolas de papel kraft: a solu\u00e7\u00e3o sustent\u00e1vel para o seu neg\u00f3cio - Abaret\",\"isPartOf\":{\"@id\":\"https:\/\/www.abaret.com.br\/blog\/#website\"},\"primaryImageOfPage\":{\"@id\":\"https:\/\/www.abaret.com.br\/blog\/saco-kraft\/sacolas-de-papel-kraft-a-solucao-sustentavel-para-o-seu-negocio\/#primaryimage\"},\"image\":{\"@id\":\"https:\/\/www.abaret.com.br\/blog\/saco-kraft\/sacolas-de-papel-kraft-a-solucao-sustentavel-para-o-seu-negocio\/#primaryimage\"},\"thumbnailUrl\":\"https:\/\/www.abaret.com.br\/blog\/wp-content\/uploads\/2024\/09\/e3d1e4c86f670afa3f83d82496927bd7.jpg\",\"datePublished\":\"2024-09-05T19:17:14+00:00\",\"dateModified\":\"2024-09-05T19:24:38+00:00\",\"description\":\"Saiba mais sobre as sacolas de papel kraft, seus benef\u00edcios, modelos dispon\u00edveis e como elas podem agregar valor ao seu neg\u00f3cio.\",\"breadcrumb\":{\"@id\":\"https:\/\/www.abaret.com.br\/blog\/saco-kraft\/sacolas-de-papel-kraft-a-solucao-sustentavel-para-o-seu-negocio\/#breadcrumb\"},\"inLanguage\":\"pt-BR\",\"potentialAction\":[{\"@type\":\"ReadAction\",\"target\":[\"https:\/\/www.abaret.com.br\/blog\/saco-kraft\/sacolas-de-papel-kraft-a-solucao-sustentavel-para-o-seu-negocio\/\"]}]},{\"@type\":\"ImageObject\",\"inLanguage\":\"pt-BR\",\"@id\":\"https:\/\/www.abaret.com.br\/blog\/saco-kraft\/sacolas-de-papel-kraft-a-solucao-sustentavel-para-o-seu-negocio\/#primaryimage\",\"url\":\"https:\/\/www.abaret.com.br\/blog\/wp-content\/uploads\/2024\/09\/e3d1e4c86f670afa3f83d82496927bd7.jpg\",\"contentUrl\":\"https:\/\/www.abaret.com.br\/blog\/wp-content\/uploads\/2024\/09\/e3d1e4c86f670afa3f83d82496927bd7.jpg\",\"width\":600,\"height\":400,\"caption\":\"Sacolas de papel kraft: a solu\u00e7\u00e3o sustent\u00e1vel para o seu neg\u00f3cio\"},{\"@type\":\"BreadcrumbList\",\"@id\":\"https:\/\/www.abaret.com.br\/blog\/saco-kraft\/sacolas-de-papel-kraft-a-solucao-sustentavel-para-o-seu-negocio\/#breadcrumb\",\"itemListElement\":[{\"@type\":\"ListItem\",\"position\":1,\"name\":\"In\u00edcio\",\"item\":\"https:\/\/www.abaret.com.br\/blog\/\"},{\"@type\":\"ListItem\",\"position\":2,\"name\":\"Sacolas de papel kraft: a solu\u00e7\u00e3o sustent\u00e1vel para o seu neg\u00f3cio\"}]},{\"@type\":\"WebSite\",\"@id\":\"https:\/\/www.abaret.com.br\/blog\/#website\",\"url\":\"https:\/\/www.abaret.com.br\/blog\/\",\"name\":\"Abaret\",\"description\":\"Blog\",\"publisher\":{\"@id\":\"https:\/\/www.abaret.com.br\/blog\/#organization\"},\"potentialAction\":[{\"@type\":\"SearchAction\",\"target\":{\"@type\":\"EntryPoint\",\"urlTemplate\":\"https:\/\/www.abaret.com.br\/blog\/?s={search_term_string}\"},\"query-input\":{\"@type\":\"PropertyValueSpecification\",\"valueRequired\":true,\"valueName\":\"search_term_string\"}}],\"inLanguage\":\"pt-BR\"},{\"@type\":\"Organization\",\"@id\":\"https:\/\/www.abaret.com.br\/blog\/#organization\",\"name\":\"Abaret\",\"url\":\"https:\/\/www.abaret.com.br\/blog\/\",\"logo\":{\"@type\":\"ImageObject\",\"inLanguage\":\"pt-BR\",\"@id\":\"https:\/\/www.abaret.com.br\/blog\/#\/schema\/logo\/image\/\",\"url\":\"https:\/\/www.abaret.com.br\/blog\/wp-content\/uploads\/2022\/01\/logo-abaret.png\",\"contentUrl\":\"https:\/\/www.abaret.com.br\/blog\/wp-content\/uploads\/2022\/01\/logo-abaret.png\",\"width\":200,\"height\":63,\"caption\":\"Abaret\"},\"image\":{\"@id\":\"https:\/\/www.abaret.com.br\/blog\/#\/schema\/logo\/image\/\"}},{\"@type\":\"Person\",\"@id\":\"https:\/\/www.abaret.com.br\/blog\/#\/schema\/person\/16562f3dee9f40ecacf3d0517282ef1d\",\"name\":\"admin\",\"image\":{\"@type\":\"ImageObject\",\"inLanguage\":\"pt-BR\",\"@id\":\"https:\/\/secure.gravatar.com\/avatar\/3813f53848958b8842eeafda91666185a90010f65ed554379b78794cde6f234a?s=96&d=mm&r=g\",\"url\":\"https:\/\/secure.gravatar.com\/avatar\/3813f53848958b8842eeafda91666185a90010f65ed554379b78794cde6f234a?s=96&d=mm&r=g\",\"contentUrl\":\"https:\/\/secure.gravatar.com\/avatar\/3813f53848958b8842eeafda91666185a90010f65ed554379b78794cde6f234a?s=96&d=mm&r=g\",\"caption\":\"admin\"},\"sameAs\":[\"https:\/\/abaret.com.br\/blog\"],\"url\":\"https:\/\/www.abaret.com.br\/blog\/author\/admin\/\"}]}<\/script>\n<!-- \/ Yoast SEO plugin. -->","yoast_head_json":{"title":"Sacolas de papel kraft: a solu\u00e7\u00e3o sustent\u00e1vel para o seu neg\u00f3cio - Abaret","description":"Saiba mais sobre as sacolas de papel kraft, seus benef\u00edcios, modelos dispon\u00edveis e como elas podem agregar valor ao seu neg\u00f3cio.","robots":{"index":"index","follow":"follow","max-snippet":"max-snippet:-1","max-image-preview":"max-image-preview:large","max-video-preview":"max-video-preview:-1"},"canonical":"https:\/\/www.abaret.com.br\/blog\/saco-kraft\/sacolas-de-papel-kraft-a-solucao-sustentavel-para-o-seu-negocio\/","og_locale":"pt_BR","og_type":"article","og_title":"Sacolas de papel kraft: a solu\u00e7\u00e3o sustent\u00e1vel para o seu neg\u00f3cio - Abaret","og_description":"Saiba mais sobre as sacolas de papel kraft, seus benef\u00edcios, modelos dispon\u00edveis e como elas podem agregar valor ao seu neg\u00f3cio.","og_url":"https:\/\/www.abaret.com.br\/blog\/saco-kraft\/sacolas-de-papel-kraft-a-solucao-sustentavel-para-o-seu-negocio\/","og_site_name":"Abaret","article_published_time":"2024-09-05T19:17:14+00:00","article_modified_time":"2024-09-05T19:24:38+00:00","og_image":[{"width":600,"height":400,"url":"https:\/\/www.abaret.com.br\/blog\/wp-content\/uploads\/2024\/09\/e3d1e4c86f670afa3f83d82496927bd7.jpg","type":"image\/jpeg"}],"author":"admin","twitter_card":"summary_large_image","twitter_misc":{"Escrito por":"admin","Est. tempo de leitura":"5 minutos"},"schema":{"@context":"https:\/\/schema.org","@graph":[{"@type":"Article","@id":"https:\/\/www.abaret.com.br\/blog\/saco-kraft\/sacolas-de-papel-kraft-a-solucao-sustentavel-para-o-seu-negocio\/#article","isPartOf":{"@id":"https:\/\/www.abaret.com.br\/blog\/saco-kraft\/sacolas-de-papel-kraft-a-solucao-sustentavel-para-o-seu-negocio\/"},"author":{"name":"admin","@id":"https:\/\/www.abaret.com.br\/blog\/#\/schema\/person\/16562f3dee9f40ecacf3d0517282ef1d"},"headline":"Sacolas de papel kraft: a solu\u00e7\u00e3o sustent\u00e1vel para o seu neg\u00f3cio","datePublished":"2024-09-05T19:17:14+00:00","dateModified":"2024-09-05T19:24:38+00:00","mainEntityOfPage":{"@id":"https:\/\/www.abaret.com.br\/blog\/saco-kraft\/sacolas-de-papel-kraft-a-solucao-sustentavel-para-o-seu-negocio\/"},"wordCount":882,"commentCount":0,"publisher":{"@id":"https:\/\/www.abaret.com.br\/blog\/#organization"},"image":{"@id":"https:\/\/www.abaret.com.br\/blog\/saco-kraft\/sacolas-de-papel-kraft-a-solucao-sustentavel-para-o-seu-negocio\/#primaryimage"},"thumbnailUrl":"https:\/\/www.abaret.com.br\/blog\/wp-content\/uploads\/2024\/09\/e3d1e4c86f670afa3f83d82496927bd7.jpg","keywords":["comprar Sacolas de papel kraft atacado","comprar Sacolas de papel kraft baratas","comprar Sacolas de papel kraft com al\u00e7a","comprar Sacolas de papel kraft com logo","comprar Sacolas de papel kraft com refor\u00e7o","comprar Sacolas de papel kraft estampadas","comprar Sacolas de papel kraft grande","comprar Sacolas de papel kraft lisas","comprar Sacolas de papel kraft marrons","comprar Sacolas de papel kraft para delivery","comprar Sacolas de papel kraft para lojas","comprar Sacolas de papel kraft para presente","comprar Sacolas de papel kraft pequena","comprar Sacolas de papel kraft personalizadas","comprar Sacolas de papel kraft personalizadas baratas","comprar Sacolas de papel kraft resistentes","f\u00e1brica de Sacolas de papel kraft atacado","f\u00e1brica de Sacolas de papel kraft baratas","f\u00e1brica de Sacolas de papel kraft com al\u00e7a","f\u00e1brica de Sacolas de papel kraft com logo","f\u00e1brica de Sacolas de papel kraft com refor\u00e7o","f\u00e1brica de Sacolas de papel kraft estampadas","f\u00e1brica de Sacolas de papel kraft grande","f\u00e1brica de Sacolas de papel kraft lisas","f\u00e1brica de Sacolas de papel kraft marrons","f\u00e1brica de Sacolas de papel kraft para delivery","f\u00e1brica de Sacolas de papel kraft para lojas","f\u00e1brica de Sacolas de papel kraft para presente","f\u00e1brica de Sacolas de papel kraft pequena","f\u00e1brica de Sacolas de papel kraft personalizadas","f\u00e1brica de Sacolas de papel kraft personalizadas baratas","f\u00e1brica de Sacolas de papel kraft resistentes","fabricante de Sacolas de papel kraft atacado","fabricante de Sacolas de papel kraft baratas","fabricante de Sacolas de papel kraft com al\u00e7a","fabricante de Sacolas de papel kraft com logo","fabricante de Sacolas de papel kraft com refor\u00e7o","fabricante de Sacolas de papel kraft estampadas","fabricante de Sacolas de papel kraft grande","fabricante de Sacolas de papel kraft lisas","fabricante de Sacolas de papel kraft marrons","fabricante de Sacolas de papel kraft para delivery","fabricante de Sacolas de papel kraft para lojas","fabricante de Sacolas de papel kraft para presente","fabricante de Sacolas de papel kraft pequena","fabricante de Sacolas de papel kraft personalizadas","fabricante de Sacolas de papel kraft personalizadas baratas","fabricante de Sacolas de papel kraft resistentes","fornecedor de Sacolas de papel kraft atacado","fornecedor de Sacolas de papel kraft baratas","fornecedor de Sacolas de papel kraft com al\u00e7a","fornecedor de Sacolas de papel kraft com logo","fornecedor de Sacolas de papel kraft com refor\u00e7o","fornecedor de Sacolas de papel kraft estampadas","fornecedor de Sacolas de papel kraft grande","fornecedor de Sacolas de papel kraft lisas","fornecedor de Sacolas de papel kraft marrons","fornecedor de Sacolas de papel kraft para delivery","fornecedor de Sacolas de papel kraft para lojas","fornecedor de Sacolas de papel kraft para presente","fornecedor de Sacolas de papel kraft pequena","fornecedor de Sacolas de papel kraft personalizadas","fornecedor de Sacolas de papel kraft personalizadas baratas","fornecedor de Sacolas de papel kraft resistentes","loja de Sacolas de papel kraft atacado","loja de Sacolas de papel kraft baratas","loja de Sacolas de papel kraft com al\u00e7a","loja de Sacolas de papel kraft com logo","loja de Sacolas de papel kraft com refor\u00e7o","loja de Sacolas de papel kraft estampadas","loja de Sacolas de papel kraft grande","loja de Sacolas de papel kraft lisas","loja de Sacolas de papel kraft marrons","loja de Sacolas de papel kraft para delivery","loja de Sacolas de papel kraft para lojas","loja de Sacolas de papel kraft para presente","loja de Sacolas de papel kraft pequena","loja de Sacolas de papel kraft personalizadas","loja de Sacolas de papel kraft personalizadas baratas","loja de Sacolas de papel kraft resistentes","onde encontrar Sacolas de papel kraft atacado","onde encontrar Sacolas de papel kraft baratas","onde encontrar Sacolas de papel kraft com al\u00e7a","onde encontrar Sacolas de papel kraft com logo","onde encontrar Sacolas de papel kraft com refor\u00e7o","onde encontrar Sacolas de papel kraft estampadas","onde encontrar Sacolas de papel kraft grande","onde encontrar Sacolas de papel kraft lisas","onde encontrar Sacolas de papel kraft marrons","onde encontrar Sacolas de papel kraft para delivery","onde encontrar Sacolas de papel kraft para lojas","onde encontrar Sacolas de papel kraft para presente","onde encontrar Sacolas de papel kraft pequena","onde encontrar Sacolas de papel kraft personalizadas","onde encontrar Sacolas de papel kraft personalizadas baratas","onde encontrar Sacolas de papel kraft resistentes","Sacolas de papel kraft atacado em s\u00e3o paulo","Sacolas de papel kraft atacado em sp","Sacolas de papel kraft atacado na Vila Maria","Sacolas de papel kraft atacado na zona leste","Sacolas de papel kraft atacado na zona norte","Sacolas de papel kraft atacado no Belenzinho","Sacolas de papel kraft baratas em s\u00e3o paulo","Sacolas de papel kraft baratas em sp","Sacolas de papel kraft baratas na Vila Maria","Sacolas de papel kraft baratas na zona leste","Sacolas de papel kraft baratas na zona norte","Sacolas de papel kraft baratas no Belenzinho","Sacolas de papel kraft com al\u00e7a em s\u00e3o paulo","Sacolas de papel kraft com al\u00e7a em sp","Sacolas de papel kraft com al\u00e7a na Vila Maria","Sacolas de papel kraft com al\u00e7a na zona leste","Sacolas de papel kraft com al\u00e7a na zona norte","Sacolas de papel kraft com al\u00e7a no Belenzinho","Sacolas de papel kraft com logo em s\u00e3o paulo","Sacolas de papel kraft com logo em sp","Sacolas de papel kraft com logo na Vila Maria","Sacolas de papel kraft com logo na zona leste","Sacolas de papel kraft com logo na zona norte","Sacolas de papel kraft com logo no Belenzinho","Sacolas de papel kraft com refor\u00e7o em s\u00e3o paulo","Sacolas de papel kraft com refor\u00e7o em sp","Sacolas de papel kraft com refor\u00e7o na Vila Maria","Sacolas de papel kraft com refor\u00e7o na zona leste","Sacolas de papel kraft com refor\u00e7o na zona norte","Sacolas de papel kraft com refor\u00e7o no Belenzinho","Sacolas de papel kraft estampadas em s\u00e3o paulo","Sacolas de papel kraft estampadas em sp","Sacolas de papel kraft estampadas na Vila Maria","Sacolas de papel kraft estampadas na zona leste","Sacolas de papel kraft estampadas na zona norte","Sacolas de papel kraft estampadas no Belenzinho","Sacolas de papel kraft grande em s\u00e3o paulo","Sacolas de papel kraft grande em sp","Sacolas de papel kraft grande na Vila Maria","Sacolas de papel kraft grande na zona leste","Sacolas de papel kraft grande na zona norte","Sacolas de papel kraft grande no Belenzinho","Sacolas de papel kraft lisas em s\u00e3o paulo","Sacolas de papel kraft lisas em sp","Sacolas de papel kraft lisas na Vila Maria","Sacolas de papel kraft lisas na zona leste","Sacolas de papel kraft lisas na zona norte","Sacolas de papel kraft lisas no Belenzinho","Sacolas de papel kraft marrons em s\u00e3o paulo","Sacolas de papel kraft marrons em sp","Sacolas de papel kraft marrons na Vila Maria","Sacolas de papel kraft marrons na zona leste","Sacolas de papel kraft marrons na zona norte","Sacolas de papel kraft marrons no Belenzinho","Sacolas de papel kraft para delivery em s\u00e3o paulo","Sacolas de papel kraft para delivery em sp","Sacolas de papel kraft para delivery na Vila Maria","Sacolas de papel kraft para delivery na zona leste","Sacolas de papel kraft para delivery na zona norte","Sacolas de papel kraft para delivery no Belenzinho","Sacolas de papel kraft para lojas em s\u00e3o paulo","Sacolas de papel kraft para lojas em sp","Sacolas de papel kraft para lojas na Vila Maria","Sacolas de papel kraft para lojas na zona leste","Sacolas de papel kraft para lojas na zona norte","Sacolas de papel kraft para lojas no Belenzinho","Sacolas de papel kraft para presente em s\u00e3o paulo","Sacolas de papel kraft para presente em sp","Sacolas de papel kraft para presente na Vila Maria","Sacolas de papel kraft para presente na zona leste","Sacolas de papel kraft para presente na zona norte","Sacolas de papel kraft para presente no Belenzinho","Sacolas de papel kraft pequena em s\u00e3o paulo","Sacolas de papel kraft pequena em sp","Sacolas de papel kraft pequena na Vila Maria","Sacolas de papel kraft pequena na zona leste","Sacolas de papel kraft pequena na zona norte","Sacolas de papel kraft pequena no Belenzinho","Sacolas de papel kraft personalizadas baratas em s\u00e3o paulo","Sacolas de papel kraft personalizadas baratas em sp","Sacolas de papel kraft personalizadas baratas na Vila Maria","Sacolas de papel kraft personalizadas baratas na zona leste","Sacolas de papel kraft personalizadas baratas na zona norte","Sacolas de papel kraft personalizadas baratas no Belenzinho","Sacolas de papel kraft personalizadas em s\u00e3o paulo","Sacolas de papel kraft personalizadas em sp","Sacolas de papel kraft personalizadas na Vila Maria","Sacolas de papel kraft personalizadas na zona leste","Sacolas de papel kraft personalizadas na zona norte","Sacolas de papel kraft personalizadas no Belenzinho","Sacolas de papel kraft resistentes em s\u00e3o paulo","Sacolas de papel kraft resistentes em sp","Sacolas de papel kraft resistentes na Vila Maria","Sacolas de papel kraft resistentes na zona leste","Sacolas de papel kraft resistentes na zona norte","Sacolas de papel kraft resistentes no Belenzinho"],"articleSection":["Saco kraft","Sacolas Personalizadas"],"inLanguage":"pt-BR","potentialAction":[{"@type":"CommentAction","name":"Comment","target":["https:\/\/www.abaret.com.br\/blog\/saco-kraft\/sacolas-de-papel-kraft-a-solucao-sustentavel-para-o-seu-negocio\/#respond"]}]},{"@type":"WebPage","@id":"https:\/\/www.abaret.com.br\/blog\/saco-kraft\/sacolas-de-papel-kraft-a-solucao-sustentavel-para-o-seu-negocio\/","url":"https:\/\/www.abaret.com.br\/blog\/saco-kraft\/sacolas-de-papel-kraft-a-solucao-sustentavel-para-o-seu-negocio\/","name":"Sacolas de papel kraft: a solu\u00e7\u00e3o sustent\u00e1vel para o seu neg\u00f3cio - Abaret","isPartOf":{"@id":"https:\/\/www.abaret.com.br\/blog\/#website"},"primaryImageOfPage":{"@id":"https:\/\/www.abaret.com.br\/blog\/saco-kraft\/sacolas-de-papel-kraft-a-solucao-sustentavel-para-o-seu-negocio\/#primaryimage"},"image":{"@id":"https:\/\/www.abaret.com.br\/blog\/saco-kraft\/sacolas-de-papel-kraft-a-solucao-sustentavel-para-o-seu-negocio\/#primaryimage"},"thumbnailUrl":"https:\/\/www.abaret.com.br\/blog\/wp-content\/uploads\/2024\/09\/e3d1e4c86f670afa3f83d82496927bd7.jpg","datePublished":"2024-09-05T19:17:14+00:00","dateModified":"2024-09-05T19:24:38+00:00","description":"Saiba mais sobre as sacolas de papel kraft, seus benef\u00edcios, modelos dispon\u00edveis e como elas podem agregar valor ao seu neg\u00f3cio.","breadcrumb":{"@id":"https:\/\/www.abaret.com.br\/blog\/saco-kraft\/sacolas-de-papel-kraft-a-solucao-sustentavel-para-o-seu-negocio\/#breadcrumb"},"inLanguage":"pt-BR","potentialAction":[{"@type":"ReadAction","target":["https:\/\/www.abaret.com.br\/blog\/saco-kraft\/sacolas-de-papel-kraft-a-solucao-sustentavel-para-o-seu-negocio\/"]}]},{"@type":"ImageObject","inLanguage":"pt-BR","@id":"https:\/\/www.abaret.com.br\/blog\/saco-kraft\/sacolas-de-papel-kraft-a-solucao-sustentavel-para-o-seu-negocio\/#primaryimage","url":"https:\/\/www.abaret.com.br\/blog\/wp-content\/uploads\/2024\/09\/e3d1e4c86f670afa3f83d82496927bd7.jpg","contentUrl":"https:\/\/www.abaret.com.br\/blog\/wp-content\/uploads\/2024\/09\/e3d1e4c86f670afa3f83d82496927bd7.jpg","width":600,"height":400,"caption":"Sacolas de papel kraft: a solu\u00e7\u00e3o sustent\u00e1vel para o seu neg\u00f3cio"},{"@type":"BreadcrumbList","@id":"https:\/\/www.abaret.com.br\/blog\/saco-kraft\/sacolas-de-papel-kraft-a-solucao-sustentavel-para-o-seu-negocio\/#breadcrumb","itemListElement":[{"@type":"ListItem","position":1,"name":"In\u00edcio","item":"https:\/\/www.abaret.com.br\/blog\/"},{"@type":"ListItem","position":2,"name":"Sacolas de papel kraft: a solu\u00e7\u00e3o sustent\u00e1vel para o seu neg\u00f3cio"}]},{"@type":"WebSite","@id":"https:\/\/www.abaret.com.br\/blog\/#website","url":"https:\/\/www.abaret.com.br\/blog\/","name":"Abaret","description":"Blog","publisher":{"@id":"https:\/\/www.abaret.com.br\/blog\/#organization"},"potentialAction":[{"@type":"SearchAction","target":{"@type":"EntryPoint","urlTemplate":"https:\/\/www.abaret.com.br\/blog\/?s={search_term_string}"},"query-input":{"@type":"PropertyValueSpecification","valueRequired":true,"valueName":"search_term_string"}}],"inLanguage":"pt-BR"},{"@type":"Organization","@id":"https:\/\/www.abaret.com.br\/blog\/#organization","name":"Abaret","url":"https:\/\/www.abaret.com.br\/blog\/","logo":{"@type":"ImageObject","inLanguage":"pt-BR","@id":"https:\/\/www.abaret.com.br\/blog\/#\/schema\/logo\/image\/","url":"https:\/\/www.abaret.com.br\/blog\/wp-content\/uploads\/2022\/01\/logo-abaret.png","contentUrl":"https:\/\/www.abaret.com.br\/blog\/wp-content\/uploads\/2022\/01\/logo-abaret.png","width":200,"height":63,"caption":"Abaret"},"image":{"@id":"https:\/\/www.abaret.com.br\/blog\/#\/schema\/logo\/image\/"}},{"@type":"Person","@id":"https:\/\/www.abaret.com.br\/blog\/#\/schema\/person\/16562f3dee9f40ecacf3d0517282ef1d","name":"admin","image":{"@type":"ImageObject","inLanguage":"pt-BR","@id":"https:\/\/secure.gravatar.com\/avatar\/3813f53848958b8842eeafda91666185a90010f65ed554379b78794cde6f234a?s=96&d=mm&r=g","url":"https:\/\/secure.gravatar.com\/avatar\/3813f53848958b8842eeafda91666185a90010f65ed554379b78794cde6f234a?s=96&d=mm&r=g","contentUrl":"https:\/\/secure.gravatar.com\/avatar\/3813f53848958b8842eeafda91666185a90010f65ed554379b78794cde6f234a?s=96&d=mm&r=g","caption":"admin"},"sameAs":["https:\/\/abaret.com.br\/blog"],"url":"https:\/\/www.abaret.com.br\/blog\/author\/admin\/"}]}},"_links":{"self":[{"href":"https:\/\/www.abaret.com.br\/blog\/wp-json\/wp\/v2\/posts\/203","targetHints":{"allow":["GET"]}}],"collection":[{"href":"https:\/\/www.abaret.com.br\/blog\/wp-json\/wp\/v2\/posts"}],"about":[{"href":"https:\/\/www.abaret.com.br\/blog\/wp-json\/wp\/v2\/types\/post"}],"author":[{"embeddable":true,"href":"https:\/\/www.abaret.com.br\/blog\/wp-json\/wp\/v2\/users\/1"}],"replies":[{"embeddable":true,"href":"https:\/\/www.abaret.com.br\/blog\/wp-json\/wp\/v2\/comments?post=203"}],"version-history":[{"count":1,"href":"https:\/\/www.abaret.com.br\/blog\/wp-json\/wp\/v2\/posts\/203\/revisions"}],"predecessor-version":[{"id":206,"href":"https:\/\/www.abaret.com.br\/blog\/wp-json\/wp\/v2\/posts\/203\/revisions\/206"}],"wp:featuredmedia":[{"embeddable":true,"href":"https:\/\/www.abaret.com.br\/blog\/wp-json\/wp\/v2\/media\/204"}],"wp:attachment":[{"href":"https:\/\/www.abaret.com.br\/blog\/wp-json\/wp\/v2\/media?parent=203"}],"wp:term":[{"taxonomy":"category","embeddable":true,"href":"https:\/\/www.abaret.com.br\/blog\/wp-json\/wp\/v2\/categories?post=203"},{"taxonomy":"post_tag","embeddable":true,"href":"https:\/\/www.abaret.com.br\/blog\/wp-json\/wp\/v2\/tags?post=203"}],"curies":[{"name":"wp","href":"https:\/\/api.w.org\/{rel}","templated":true}]}}