{"id":140,"date":"2023-10-02T12:24:24","date_gmt":"2023-10-02T12:24:24","guid":{"rendered":"https:\/\/abaret.com.br\/blog\/?p=140"},"modified":"2023-10-03T14:37:15","modified_gmt":"2023-10-03T14:37:15","slug":"3-motivos-para-voce-adquirir-sacola-personalizada","status":"publish","type":"post","link":"https:\/\/www.abaret.com.br\/blog\/sacolas-personalizadas\/3-motivos-para-voce-adquirir-sacola-personalizada\/","title":{"rendered":"3 motivos para voc\u00ea adquirir sacola personalizada"},"content":{"rendered":"<span class=\"span-reading-time rt-reading-time\" style=\"display: block;\"><span class=\"rt-label rt-prefix\">Tempo de leitura:<\/span> <span class=\"rt-time\"> 3<\/span> <span class=\"rt-label rt-postfix\">minutos<\/span><\/span>\n<p>Atualmente, onde a sustentabilidade \u00e9 cada vez mais valorizada, a sacola personalizada surge como uma op\u00e7\u00e3o vers\u00e1til e consciente.\u00a0<\/p>\n\n\n\n<p>Se voc\u00ea ainda n\u00e3o est\u00e1 convencido de que precisa delas em sua vida, continue a leitura!<\/p>\n\n\n\n<ul class=\"wp-block-list\">\n<li><a href=\"https:\/\/abaret.com.br\/blog\/sacolas-personalizadas\/sacolas-plasticas-com-alca-de-cordao-perfeita-para-a-sua-empresa\/\">Sacolas pl\u00e1sticas com al\u00e7a de cord\u00e3o: perfeita para a sua empresa<\/a><\/li>\n<\/ul>\n\n\n\n<p>Neste artigo, apresentaremos tr\u00eas motivos ineg\u00e1veis para voc\u00ea adquirir sacola personalizada para a sua empresa. Confira!<\/p>\n\n\n\n<h2 class=\"wp-block-heading\">Benef\u00edcios em utilizar sacola personalizada<\/h2>\n\n\n<div class=\"wp-block-image\">\n<figure class=\"aligncenter size-full is-resized\"><img loading=\"lazy\" decoding=\"async\" src=\"https:\/\/abaret.com.br\/blog\/wp-content\/uploads\/2023\/10\/20231003173829_fpdl.in_maquete-de-sacola-de-papel-de-duas-compras_173626-46_normal.jpg\" alt=\"3 motivos para voc\u00ea adquirir sacola personalizada\" class=\"wp-image-142\" style=\"width:332px;height:221px\" width=\"332\" height=\"221\" srcset=\"https:\/\/www.abaret.com.br\/blog\/wp-content\/uploads\/2023\/10\/20231003173829_fpdl.in_maquete-de-sacola-de-papel-de-duas-compras_173626-46_normal.jpg 626w, https:\/\/www.abaret.com.br\/blog\/wp-content\/uploads\/2023\/10\/20231003173829_fpdl.in_maquete-de-sacola-de-papel-de-duas-compras_173626-46_normal-300x200.jpg 300w\" sizes=\"auto, (max-width: 332px) 100vw, 332px\" \/><\/figure>\n<\/div>\n\n\n<p>Para ajudar voc\u00ea, a <a href=\"https:\/\/www.abaret.com.br\/\">Abaret<\/a> listou 3 motivos que fazem da sacola personalizada a op\u00e7\u00e3o ideal para a sua empresa.<\/p>\n\n\n\n<ol class=\"wp-block-list\">\n<li><strong>Sustentabilidade e responsabilidade ambiental:<\/strong> primeiramente, sacolas personalizadas reutiliz\u00e1veis n\u00e3o s\u00e3o apenas esteticamente agrad\u00e1veis.<\/li>\n<\/ol>\n\n\n\n<p><br>Esse modelo de sacola tamb\u00e9m \u00e9 uma op\u00e7\u00e3o sustent\u00e1vel. Feitas com materiais de alta durabilidade, elas s\u00e3o uma alternativa consciente \u00e0s sacolas pl\u00e1sticas descart\u00e1veis, contribuindo para a redu\u00e7\u00e3o de res\u00edduos e a preserva\u00e7\u00e3o do meio ambiente.<\/p>\n\n\n\n<ol class=\"wp-block-list\" start=\"2\">\n<li><strong>Divulga\u00e7\u00e3o de marca e marketing ecol\u00f3gico:<\/strong> a sacola personalizada \u00e9 uma ferramenta de marketing extremamente eficaz.&nbsp;<\/li>\n<\/ol>\n\n\n\n<p><br>Isso porque quando voc\u00ea decide usar sacolas com o logo e as cores de sua empresa, est\u00e1 promovendo a sua marca de maneira org\u00e2nica e constante.<br><br>Em outras palavras, clientes que reutilizam estas sacolas em seu dia a dia tornam-se embaixadores involunt\u00e1rios de sua marca, aumentando a visibilidade e o reconhecimento de sua empresa no mercado.<\/p>\n\n\n\n<ol class=\"wp-block-list\" start=\"3\">\n<li><strong>Exclusividade e express\u00e3o pessoal:<\/strong> para indiv\u00edduos, as sacolas personalizadas s\u00e3o uma forma de express\u00e3o. Mas o que isso quer dizer?<br><br>Para que sua sacola seja utilizada, voc\u00ea pode criar um design que represente sua empresa ou um tema que seja do seu interesse.&nbsp;<\/li>\n<\/ol>\n\n\n\n<p><br>Dessa maneira, voc\u00ea se destaca e transmite a mensagem que sua empresa quer de maneira elegante.<\/p>\n\n\n\n<ul class=\"wp-block-list\">\n<li><a href=\"https:\/\/abaret.com.br\/blog\/sacolas-personalizadas\/3-vantagens-em-utilizar-a-sacola-plastica-tipo-mochila\/\">3 vantagens em utilizar a sacola pl\u00e1stica tipo mochila<\/a><\/li>\n<\/ul>\n\n\n\n<h2 class=\"wp-block-heading\">Abaret: sua sacola personalizada est\u00e1 aqui!<\/h2>\n\n\n\n<p>Agora que voc\u00ea conhece os benef\u00edcios, j\u00e1 sabe onde encontrar sacola personalizada que una qualidade, sustentabilidade e estilo?&nbsp;<\/p>\n\n\n\n<p>A resposta \u00e9: na <a href=\"https:\/\/www.abaret.com.br\/\">Abaret<\/a>!<\/p>\n\n\n\n<p>A <a href=\"https:\/\/www.abaret.com.br\/\">Abaret<\/a> \u00e9 especialista em oferecer solu\u00e7\u00f5es inteligentes e personalizadas para seus clientes.&nbsp;<\/p>\n\n\n\n<p>Com um vasto cat\u00e1logo de produtos, a empresa permite que voc\u00ea escolha e personalize sacolas de acordo com suas necessidades e prefer\u00eancias.<\/p>\n\n\n\n<ul class=\"wp-block-list\">\n<li><a href=\"https:\/\/abaret.com.br\/blog\/sacolas-personalizadas\/como-fazer-sacola-de-papel-personalizada-na-vila-maria\/\">Como fazer sacola de papel personalizada na Vila Maria?<\/a><\/li>\n<\/ul>\n\n\n\n<p>Precisa de sacolas para eventos corporativos, feiras ou uso pessoal? A <a href=\"https:\/\/www.abaret.com.br\/\">Abaret<\/a> tem!&nbsp;<\/p>\n\n\n\n<p>Nosso atendimento ao cliente e compromisso com a sua satisfa\u00e7\u00e3o fazem com que sejamos a escolha certa para voc\u00ea, que busca qualidade e confiabilidade.<\/p>\n\n\n\n<p>Pronto para fazer a diferen\u00e7a com sacolas personalizadas? Acesse <a href=\"https:\/\/www.abaret.com.br\/\">Abaret<\/a> e comece agora mesmo a criar sacolas que s\u00e3o a sua cara!&nbsp;<\/p>\n","protected":false},"excerpt":{"rendered":"<p><span class=\"span-reading-time rt-reading-time\" style=\"display: block;\"><span class=\"rt-label rt-prefix\">Tempo de leitura:<\/span> <span class=\"rt-time\"> 3<\/span> <span class=\"rt-label rt-postfix\">minutos<\/span><\/span>Atualmente, onde a sustentabilidade \u00e9 cada vez mais valorizada, a sacola personalizada surge como uma op\u00e7\u00e3o vers\u00e1til e consciente.\u00a0 Se voc\u00ea ainda n\u00e3o est\u00e1 convencido de que precisa delas em sua vida, continue a leitura! Neste artigo, apresentaremos tr\u00eas motivos ineg\u00e1veis para voc\u00ea adquirir sacola personalizada para a sua empresa. Confira! Benef\u00edcios em utilizar sacola &hellip; <\/p>\n","protected":false},"author":1,"featured_media":142,"comment_status":"open","ping_status":"open","sticky":false,"template":"","format":"standard","meta":{"footnotes":""},"categories":[14],"tags":[1509,1488,1425,1404,1593,1572,1467,1446,1635,1614,1530,1383,1551,1504,1483,1420,1399,1588,1567,1462,1441,1630,1609,1525,1378,1546,1194,1189,1193,1199,1191,1204,1196,1187,1198,1195,1185,1202,1205,1186,1190,1200,1201,1188,1197,1203,1192,1299,1294,1298,1304,1296,1309,1301,1292,1303,1300,1290,1307,1310,1291,1295,1305,1306,1293,1302,1308,1297,1320,1315,1319,1325,1317,1330,1322,1313,1324,1321,1311,1328,1331,1312,1316,1326,1327,1314,1323,1329,1318,1215,1210,1214,1220,1212,1225,1217,1208,1219,1216,1206,1223,1226,1207,1211,1221,1222,1209,1218,1224,1213,1236,1231,1235,1241,1233,1246,1238,1229,1240,1237,1227,1244,1247,1228,1232,1242,1243,1230,1239,1245,1234,1257,1252,1256,1262,1254,1267,1259,1250,1261,1258,1248,1265,1268,1249,1253,1263,1264,1251,1260,1266,1255,1278,1273,1277,1283,1275,1288,1280,1271,1282,1279,1269,1286,1289,1270,1274,1284,1285,1272,1281,1287,1276,1362,1357,1361,1367,1359,1372,1364,1355,1366,1363,1353,1370,1373,1354,1358,1368,1369,1356,1365,1371,1360,1173,1169,1172,1178,1183,1175,1167,1177,1174,1165,1181,1184,1166,1170,1179,1180,1168,1176,1182,1171,1341,1336,1340,1346,1338,1351,1343,1334,1345,1342,1332,1349,1352,1333,1337,1347,1348,1335,1344,1350,1339,1508,1487,1424,1403,1592,1571,1466,1445,1634,1613,1529,1382,1550,1514,1493,1430,1409,1598,1577,1472,1451,1640,1619,1535,1388,1556,1506,1485,1422,1401,1590,1569,1464,1443,1632,1611,1527,1380,1548,1519,1498,1435,1414,1603,1582,1477,1456,1645,1624,1540,1393,1561,1511,1490,1427,1406,1595,1574,1469,1448,1637,1616,1532,1385,1553,1502,1481,1418,1397,1586,1565,1460,1439,1628,1607,1523,1376,1544,1513,1492,1429,1408,1597,1576,1471,1450,1639,1618,1534,1387,1555,1510,1489,1426,1405,1594,1573,1468,1447,1636,1615,1531,1384,1552,1500,1479,1416,1395,1584,1563,1458,1437,1626,1605,1521,1374,1542,1517,1496,1433,1412,1601,1580,1475,1454,1643,1622,1538,1391,1559,1520,1499,1436,1415,1604,1583,1478,1457,1646,1625,1541,1394,1562,1501,1480,1417,1396,1585,1564,1459,1438,1627,1606,1522,1375,1543,1505,1484,1421,1400,1589,1568,1463,1442,1631,1610,1526,1379,1547,1515,1494,1431,1410,1599,1578,1473,1452,1641,1620,1536,1389,1557,1516,1495,1432,1411,1600,1579,1474,1453,1642,1621,1537,1390,1558,1503,1482,1419,1398,1587,1566,1461,1440,1629,1608,1524,1377,1545,1512,1491,1428,1407,1596,1575,1470,1449,1638,1617,1533,1386,1554,1518,1497,1434,1413,1602,1581,1476,1455,1644,1623,1539,1392,1560,1507,1486,1423,1402,1591,1570,1465,1444,1633,1612,1528,1381,1549],"class_list":["post-140","post","type-post","status-publish","format-standard","has-post-thumbnail","hentry","category-sacolas-personalizadas","tag-bolsas-de-papel-personalizadas-direto-da-fabrica","tag-bolsas-de-papel-personalizadas-em-promocao","tag-bolsas-de-papel-personalizadas-em-sao-paulo","tag-bolsas-de-papel-personalizadas-em-sp","tag-bolsas-de-papel-personalizadas-na-dutra","tag-bolsas-de-papel-personalizadas-na-marginal","tag-bolsas-de-papel-personalizadas-na-vila-maria","tag-bolsas-de-papel-personalizadas-na-zona-norte","tag-bolsas-de-papel-personalizadas-no-belenzinho","tag-bolsas-de-papel-personalizadas-no-bras","tag-bolsas-de-papel-personalizadas-perto-de-mim","tag-bolsas-de-papel-personalizadas-preco","tag-bolsas-de-papel-personalizadas-proximo-a-mim","tag-bolsas-promocionais-personalizadas-direto-da-fabrica","tag-bolsas-promocionais-personalizadas-em-promocao","tag-bolsas-promocionais-personalizadas-em-sao-paulo","tag-bolsas-promocionais-personalizadas-em-sp","tag-bolsas-promocionais-personalizadas-na-dutra","tag-bolsas-promocionais-personalizadas-na-marginal","tag-bolsas-promocionais-personalizadas-na-vila-maria","tag-bolsas-promocionais-personalizadas-na-zona-norte","tag-bolsas-promocionais-personalizadas-no-belenzinho","tag-bolsas-promocionais-personalizadas-no-bras","tag-bolsas-promocionais-personalizadas-perto-de-mim","tag-bolsas-promocionais-personalizadas-preco","tag-bolsas-promocionais-personalizadas-proximo-a-mim","tag-comprar-bolsas-de-papel-personalizadas","tag-comprar-bolsas-promocionais-personalizadas","tag-comprar-sacola-de-compras-personalizada","tag-comprar-sacola-de-empresa-personalizada","tag-comprar-sacola-de-lona-personalizada","tag-comprar-sacola-de-pano-personalizada","tag-comprar-sacola-de-praia-personalizada","tag-comprar-sacola-ecologica-personalizada","tag-comprar-sacola-para-brindes","tag-comprar-sacola-plastica-personalizada","tag-comprar-sacola-promocional","tag-comprar-sacola-reutilizavel-personalizada","tag-comprar-sacolas-corporativas-personalizadas","tag-comprar-sacolas-customizadas","tag-comprar-sacolas-de-algodao-personalizadas","tag-comprar-sacolas-de-feira-personalizadas","tag-comprar-sacolas-de-loja-personalizadas","tag-comprar-sacolas-de-tecido-personalizadas","tag-comprar-sacolas-para-eventos","tag-comprar-sacolas-para-presentes-personalizadas","tag-comprar-sacolas-retornaveis-personalizadas","tag-distribuidor-de-bolsas-de-papel-personalizadas","tag-distribuidor-de-bolsas-promocionais-personalizadas","tag-distribuidor-de-sacola-de-compras-personalizada","tag-distribuidor-de-sacola-de-empresa-personalizada","tag-distribuidor-de-sacola-de-lona-personalizada","tag-distribuidor-de-sacola-de-pano-personalizada","tag-distribuidor-de-sacola-de-praia-personalizada","tag-distribuidor-de-sacola-ecologica-personalizada","tag-distribuidor-de-sacola-para-brindes","tag-distribuidor-de-sacola-plastica-personalizada","tag-distribuidor-de-sacola-promocional","tag-distribuidor-de-sacola-reutilizavel-personalizada","tag-distribuidor-de-sacolas-corporativas-personalizadas","tag-distribuidor-de-sacolas-customizadas","tag-distribuidor-de-sacolas-de-algodao-personalizadas","tag-distribuidor-de-sacolas-de-feira-personalizadas","tag-distribuidor-de-sacolas-de-loja-personalizadas","tag-distribuidor-de-sacolas-de-tecido-personalizadas","tag-distribuidor-de-sacolas-para-eventos","tag-distribuidor-de-sacolas-para-presentes-personalizadas","tag-distribuidor-de-sacolas-retornaveis-personalizadas","tag-distribuidora-de-bolsas-de-papel-personalizadas","tag-distribuidora-de-bolsas-promocionais-personalizadas","tag-distribuidora-de-sacola-de-compras-personalizada","tag-distribuidora-de-sacola-de-empresa-personalizada","tag-distribuidora-de-sacola-de-lona-personalizada","tag-distribuidora-de-sacola-de-pano-personalizada","tag-distribuidora-de-sacola-de-praia-personalizada","tag-distribuidora-de-sacola-ecologica-personalizada","tag-distribuidora-de-sacola-para-brindes","tag-distribuidora-de-sacola-plastica-personalizada","tag-distribuidora-de-sacola-promocional","tag-distribuidora-de-sacola-reutilizavel-personalizada","tag-distribuidora-de-sacolas-corporativas-personalizadas","tag-distribuidora-de-sacolas-customizadas","tag-distribuidora-de-sacolas-de-algodao-personalizadas","tag-distribuidora-de-sacolas-de-feira-personalizadas","tag-distribuidora-de-sacolas-de-loja-personalizadas","tag-distribuidora-de-sacolas-de-tecido-personalizadas","tag-distribuidora-de-sacolas-para-eventos","tag-distribuidora-de-sacolas-para-presentes-personalizadas","tag-distribuidora-de-sacolas-retornaveis-personalizadas","tag-empresa-de-bolsas-de-papel-personalizadas","tag-empresa-de-bolsas-promocionais-personalizadas","tag-empresa-de-sacola-de-compras-personalizada","tag-empresa-de-sacola-de-empresa-personalizada","tag-empresa-de-sacola-de-lona-personalizada","tag-empresa-de-sacola-de-pano-personalizada","tag-empresa-de-sacola-de-praia-personalizada","tag-empresa-de-sacola-ecologica-personalizada","tag-empresa-de-sacola-para-brindes","tag-empresa-de-sacola-plastica-personalizada","tag-empresa-de-sacola-promocional","tag-empresa-de-sacola-reutilizavel-personalizada","tag-empresa-de-sacolas-corporativas-personalizadas","tag-empresa-de-sacolas-customizadas","tag-empresa-de-sacolas-de-algodao-personalizadas","tag-empresa-de-sacolas-de-feira-personalizadas","tag-empresa-de-sacolas-de-loja-personalizadas","tag-empresa-de-sacolas-de-tecido-personalizadas","tag-empresa-de-sacolas-para-eventos","tag-empresa-de-sacolas-para-presentes-personalizadas","tag-empresa-de-sacolas-retornaveis-personalizadas","tag-fabrica-de-bolsas-de-papel-personalizadas","tag-fabrica-de-bolsas-promocionais-personalizadas","tag-fabrica-de-sacola-de-compras-personalizada","tag-fabrica-de-sacola-de-empresa-personalizada","tag-fabrica-de-sacola-de-lona-personalizada","tag-fabrica-de-sacola-de-pano-personalizada","tag-fabrica-de-sacola-de-praia-personalizada","tag-fabrica-de-sacola-ecologica-personalizada","tag-fabrica-de-sacola-para-brindes","tag-fabrica-de-sacola-plastica-personalizada","tag-fabrica-de-sacola-promocional","tag-fabrica-de-sacola-reutilizavel-personalizada","tag-fabrica-de-sacolas-corporativas-personalizadas","tag-fabrica-de-sacolas-customizadas","tag-fabrica-de-sacolas-de-algodao-personalizadas","tag-fabrica-de-sacolas-de-feira-personalizadas","tag-fabrica-de-sacolas-de-loja-personalizadas","tag-fabrica-de-sacolas-de-tecido-personalizadas","tag-fabrica-de-sacolas-para-eventos","tag-fabrica-de-sacolas-para-presentes-personalizadas","tag-fabrica-de-sacolas-retornaveis-personalizadas","tag-fabricante-de-bolsas-de-papel-personalizadas","tag-fabricante-de-bolsas-promocionais-personalizadas","tag-fabricante-de-sacola-de-compras-personalizada","tag-fabricante-de-sacola-de-empresa-personalizada","tag-fabricante-de-sacola-de-lona-personalizada","tag-fabricante-de-sacola-de-pano-personalizada","tag-fabricante-de-sacola-de-praia-personalizada","tag-fabricante-de-sacola-ecologica-personalizada","tag-fabricante-de-sacola-para-brindes","tag-fabricante-de-sacola-plastica-personalizada","tag-fabricante-de-sacola-promocional","tag-fabricante-de-sacola-reutilizavel-personalizada","tag-fabricante-de-sacolas-corporativas-personalizadas","tag-fabricante-de-sacolas-customizadas","tag-fabricante-de-sacolas-de-algodao-personalizadas","tag-fabricante-de-sacolas-de-feira-personalizadas","tag-fabricante-de-sacolas-de-loja-personalizadas","tag-fabricante-de-sacolas-de-tecido-personalizadas","tag-fabricante-de-sacolas-para-eventos","tag-fabricante-de-sacolas-para-presentes-personalizadas","tag-fabricante-de-sacolas-retornaveis-personalizadas","tag-fornecedor-de-bolsas-de-papel-personalizadas","tag-fornecedor-de-bolsas-promocionais-personalizadas","tag-fornecedor-de-sacola-de-compras-personalizada","tag-fornecedor-de-sacola-de-empresa-personalizada","tag-fornecedor-de-sacola-de-lona-personalizada","tag-fornecedor-de-sacola-de-pano-personalizada","tag-fornecedor-de-sacola-de-praia-personalizada","tag-fornecedor-de-sacola-ecologica-personalizada","tag-fornecedor-de-sacola-para-brindes","tag-fornecedor-de-sacola-plastica-personalizada","tag-fornecedor-de-sacola-promocional","tag-fornecedor-de-sacola-reutilizavel-personalizada","tag-fornecedor-de-sacolas-corporativas-personalizadas","tag-fornecedor-de-sacolas-customizadas","tag-fornecedor-de-sacolas-de-algodao-personalizadas","tag-fornecedor-de-sacolas-de-feira-personalizadas","tag-fornecedor-de-sacolas-de-loja-personalizadas","tag-fornecedor-de-sacolas-de-tecido-personalizadas","tag-fornecedor-de-sacolas-para-eventos","tag-fornecedor-de-sacolas-para-presentes-personalizadas","tag-fornecedor-de-sacolas-retornaveis-personalizadas","tag-loja-de-bolsas-de-papel-personalizadas","tag-loja-de-bolsas-promocionais-personalizadas","tag-loja-de-sacola-de-compras-personalizada","tag-loja-de-sacola-de-empresa-personalizada","tag-loja-de-sacola-de-lona-personalizada","tag-loja-de-sacola-de-pano-personalizada","tag-loja-de-sacola-de-praia-personalizada","tag-loja-de-sacola-ecologica-personalizada","tag-loja-de-sacola-para-brindes","tag-loja-de-sacola-plastica-personalizada","tag-loja-de-sacola-promocional","tag-loja-de-sacola-reutilizavel-personalizada","tag-loja-de-sacolas-corporativas-personalizadas","tag-loja-de-sacolas-customizadas","tag-loja-de-sacolas-de-algodao-personalizadas","tag-loja-de-sacolas-de-feira-personalizadas","tag-loja-de-sacolas-de-loja-personalizadas","tag-loja-de-sacolas-de-tecido-personalizadas","tag-loja-de-sacolas-para-eventos","tag-loja-de-sacolas-para-presentes-personalizadas","tag-loja-de-sacolas-retornaveis-personalizadas","tag-onde-encontrar-bolsas-de-papel-personalizadas","tag-onde-encontrar-bolsas-promocionais-personalizadas","tag-onde-encontrar-sacola-de-compras-personalizada","tag-onde-encontrar-sacola-de-empresa-personalizada","tag-onde-encontrar-sacola-de-pano-personalizada","tag-onde-encontrar-sacola-de-praia-personalizada","tag-onde-encontrar-sacola-ecologica-personalizada","tag-onde-encontrar-sacola-para-brindes","tag-onde-encontrar-sacola-plastica-personalizada","tag-onde-encontrar-sacola-promocional","tag-onde-encontrar-sacola-reutilizavel-personalizada","tag-onde-encontrar-sacolas-corporativas-personalizadas","tag-onde-encontrar-sacolas-customizadas","tag-onde-encontrar-sacolas-de-algodao-personalizadas","tag-onde-encontrar-sacolas-de-feira-personalizadas","tag-onde-encontrar-sacolas-de-loja-personalizadas","tag-onde-encontrar-sacolas-de-tecido-personalizadas","tag-onde-encontrar-sacolas-para-eventos","tag-onde-encontrar-sacolas-para-presentes-personalizadas","tag-onde-encontrar-sacolas-retornaveis-personalizadas","tag-revendedor-de-bolsas-de-papel-personalizadas","tag-revendedor-de-bolsas-promocionais-personalizadas","tag-revendedor-de-sacola-de-compras-personalizada","tag-revendedor-de-sacola-de-empresa-personalizada","tag-revendedor-de-sacola-de-lona-personalizada","tag-revendedor-de-sacola-de-pano-personalizada","tag-revendedor-de-sacola-de-praia-personalizada","tag-revendedor-de-sacola-ecologica-personalizada","tag-revendedor-de-sacola-para-brindes","tag-revendedor-de-sacola-plastica-personalizada","tag-revendedor-de-sacola-promocional","tag-revendedor-de-sacola-reutilizavel-personalizada","tag-revendedor-de-sacolas-corporativas-personalizadas","tag-revendedor-de-sacolas-customizadas","tag-revendedor-de-sacolas-de-algodao-personalizadas","tag-revendedor-de-sacolas-de-feira-personalizadas","tag-revendedor-de-sacolas-de-loja-personalizadas","tag-revendedor-de-sacolas-de-tecido-personalizadas","tag-revendedor-de-sacolas-para-eventos","tag-revendedor-de-sacolas-para-presentes-personalizadas","tag-revendedor-de-sacolas-retornaveis-personalizadas","tag-sacola-de-compras-personalizada-direto-da-fabrica","tag-sacola-de-compras-personalizada-em-promocao","tag-sacola-de-compras-personalizada-em-sao-paulo","tag-sacola-de-compras-personalizada-em-sp","tag-sacola-de-compras-personalizada-na-dutra","tag-sacola-de-compras-personalizada-na-marginal","tag-sacola-de-compras-personalizada-na-vila-maria","tag-sacola-de-compras-personalizada-na-zona-norte","tag-sacola-de-compras-personalizada-no-belenzinho","tag-sacola-de-compras-personalizada-no-bras","tag-sacola-de-compras-personalizada-perto-de-mim","tag-sacola-de-compras-personalizada-preco","tag-sacola-de-compras-personalizada-proximo-a-mim","tag-sacola-de-empresa-personalizada-direto-da-fabrica","tag-sacola-de-empresa-personalizada-em-promocao","tag-sacola-de-empresa-personalizada-em-sao-paulo","tag-sacola-de-empresa-personalizada-em-sp","tag-sacola-de-empresa-personalizada-na-dutra","tag-sacola-de-empresa-personalizada-na-marginal","tag-sacola-de-empresa-personalizada-na-vila-maria","tag-sacola-de-empresa-personalizada-na-zona-norte","tag-sacola-de-empresa-personalizada-no-belenzinho","tag-sacola-de-empresa-personalizada-no-bras","tag-sacola-de-empresa-personalizada-perto-de-mim","tag-sacola-de-empresa-personalizada-preco","tag-sacola-de-empresa-personalizada-proximo-a-mim","tag-sacola-de-lona-personalizada-direto-da-fabrica","tag-sacola-de-lona-personalizada-em-promocao","tag-sacola-de-lona-personalizada-em-sao-paulo","tag-sacola-de-lona-personalizada-em-sp","tag-sacola-de-lona-personalizada-na-dutra","tag-sacola-de-lona-personalizada-na-marginal","tag-sacola-de-lona-personalizada-na-vila-maria","tag-sacola-de-lona-personalizada-na-zona-norte","tag-sacola-de-lona-personalizada-no-belenzinho","tag-sacola-de-lona-personalizada-no-bras","tag-sacola-de-lona-personalizada-perto-de-mim","tag-sacola-de-lona-personalizada-preco","tag-sacola-de-lona-personalizada-proximo-a-mim","tag-sacola-de-pano-personalizada-direto-da-fabrica","tag-sacola-de-pano-personalizada-em-promocao","tag-sacola-de-pano-personalizada-em-sao-paulo","tag-sacola-de-pano-personalizada-em-sp","tag-sacola-de-pano-personalizada-na-dutra","tag-sacola-de-pano-personalizada-na-marginal","tag-sacola-de-pano-personalizada-na-vila-maria","tag-sacola-de-pano-personalizada-na-zona-norte","tag-sacola-de-pano-personalizada-no-belenzinho","tag-sacola-de-pano-personalizada-no-bras","tag-sacola-de-pano-personalizada-perto-de-mim","tag-sacola-de-pano-personalizada-preco","tag-sacola-de-pano-personalizada-proximo-a-mim","tag-sacola-de-praia-personalizada-direto-da-fabrica","tag-sacola-de-praia-personalizada-em-promocao","tag-sacola-de-praia-personalizada-em-sao-paulo","tag-sacola-de-praia-personalizada-em-sp","tag-sacola-de-praia-personalizada-na-dutra","tag-sacola-de-praia-personalizada-na-marginal","tag-sacola-de-praia-personalizada-na-vila-maria","tag-sacola-de-praia-personalizada-na-zona-norte","tag-sacola-de-praia-personalizada-no-belenzinho","tag-sacola-de-praia-personalizada-no-bras","tag-sacola-de-praia-personalizada-perto-de-mim","tag-sacola-de-praia-personalizada-preco","tag-sacola-de-praia-personalizada-proximo-a-mim","tag-sacola-ecologica-personalizada-direto-da-fabrica","tag-sacola-ecologica-personalizada-em-promocao","tag-sacola-ecologica-personalizada-em-sao-paulo","tag-sacola-ecologica-personalizada-em-sp","tag-sacola-ecologica-personalizada-na-dutra","tag-sacola-ecologica-personalizada-na-marginal","tag-sacola-ecologica-personalizada-na-vila-maria","tag-sacola-ecologica-personalizada-na-zona-norte","tag-sacola-ecologica-personalizada-no-belenzinho","tag-sacola-ecologica-personalizada-no-bras","tag-sacola-ecologica-personalizada-perto-de-mim","tag-sacola-ecologica-personalizada-preco","tag-sacola-ecologica-personalizada-proximo-a-mim","tag-sacola-para-brindes-direto-da-fabrica","tag-sacola-para-brindes-em-promocao","tag-sacola-para-brindes-em-sao-paulo","tag-sacola-para-brindes-em-sp","tag-sacola-para-brindes-na-dutra","tag-sacola-para-brindes-na-marginal","tag-sacola-para-brindes-na-vila-maria","tag-sacola-para-brindes-na-zona-norte","tag-sacola-para-brindes-no-belenzinho","tag-sacola-para-brindes-no-bras","tag-sacola-para-brindes-perto-de-mim","tag-sacola-para-brindes-preco","tag-sacola-para-brindes-proximo-a-mim","tag-sacola-plastica-personalizada-direto-da-fabrica","tag-sacola-plastica-personalizada-em-promocao","tag-sacola-plastica-personalizada-em-sao-paulo","tag-sacola-plastica-personalizada-em-sp","tag-sacola-plastica-personalizada-na-dutra","tag-sacola-plastica-personalizada-na-marginal","tag-sacola-plastica-personalizada-na-vila-maria","tag-sacola-plastica-personalizada-na-zona-norte","tag-sacola-plastica-personalizada-no-belenzinho","tag-sacola-plastica-personalizada-no-bras","tag-sacola-plastica-personalizada-perto-de-mim","tag-sacola-plastica-personalizada-preco","tag-sacola-plastica-personalizada-proximo-a-mim","tag-sacola-promocional-direto-da-fabrica","tag-sacola-promocional-em-promocao","tag-sacola-promocional-em-sao-paulo","tag-sacola-promocional-em-sp","tag-sacola-promocional-na-dutra","tag-sacola-promocional-na-marginal","tag-sacola-promocional-na-vila-maria","tag-sacola-promocional-na-zona-norte","tag-sacola-promocional-no-belenzinho","tag-sacola-promocional-no-bras","tag-sacola-promocional-perto-de-mim","tag-sacola-promocional-preco","tag-sacola-promocional-proximo-a-mim","tag-sacola-reutilizavel-personalizada-direto-da-fabrica","tag-sacola-reutilizavel-personalizada-em-promocao","tag-sacola-reutilizavel-personalizada-em-sao-paulo","tag-sacola-reutilizavel-personalizada-em-sp","tag-sacola-reutilizavel-personalizada-na-dutra","tag-sacola-reutilizavel-personalizada-na-marginal","tag-sacola-reutilizavel-personalizada-na-vila-maria","tag-sacola-reutilizavel-personalizada-na-zona-norte","tag-sacola-reutilizavel-personalizada-no-belenzinho","tag-sacola-reutilizavel-personalizada-no-bras","tag-sacola-reutilizavel-personalizada-perto-de-mim","tag-sacola-reutilizavel-personalizada-preco","tag-sacola-reutilizavel-personalizada-proximo-a-mim","tag-sacolas-corporativas-personalizadas-direto-da-fabrica","tag-sacolas-corporativas-personalizadas-em-promocao","tag-sacolas-corporativas-personalizadas-em-sao-paulo","tag-sacolas-corporativas-personalizadas-em-sp","tag-sacolas-corporativas-personalizadas-na-dutra","tag-sacolas-corporativas-personalizadas-na-marginal","tag-sacolas-corporativas-personalizadas-na-vila-maria","tag-sacolas-corporativas-personalizadas-na-zona-norte","tag-sacolas-corporativas-personalizadas-no-belenzinho","tag-sacolas-corporativas-personalizadas-no-bras","tag-sacolas-corporativas-personalizadas-perto-de-mim","tag-sacolas-corporativas-personalizadas-preco","tag-sacolas-corporativas-personalizadas-proximo-a-mim","tag-sacolas-customizadas-direto-da-fabrica","tag-sacolas-customizadas-em-promocao","tag-sacolas-customizadas-em-sao-paulo","tag-sacolas-customizadas-em-sp","tag-sacolas-customizadas-na-dutra","tag-sacolas-customizadas-na-marginal","tag-sacolas-customizadas-na-vila-maria","tag-sacolas-customizadas-na-zona-norte","tag-sacolas-customizadas-no-belenzinho","tag-sacolas-customizadas-no-bras","tag-sacolas-customizadas-perto-de-mim","tag-sacolas-customizadas-preco","tag-sacolas-customizadas-proximo-a-mim","tag-sacolas-de-algodao-personalizadas-direto-da-fabrica","tag-sacolas-de-algodao-personalizadas-em-promocao","tag-sacolas-de-algodao-personalizadas-em-sao-paulo","tag-sacolas-de-algodao-personalizadas-em-sp","tag-sacolas-de-algodao-personalizadas-na-dutra","tag-sacolas-de-algodao-personalizadas-na-marginal","tag-sacolas-de-algodao-personalizadas-na-vila-maria","tag-sacolas-de-algodao-personalizadas-na-zona-norte","tag-sacolas-de-algodao-personalizadas-no-belenzinho","tag-sacolas-de-algodao-personalizadas-no-bras","tag-sacolas-de-algodao-personalizadas-perto-de-mim","tag-sacolas-de-algodao-personalizadas-preco","tag-sacolas-de-algodao-personalizadas-proximo-a-mim","tag-sacolas-de-feira-personalizadas-direto-da-fabrica","tag-sacolas-de-feira-personalizadas-em-promocao","tag-sacolas-de-feira-personalizadas-em-sao-paulo","tag-sacolas-de-feira-personalizadas-em-sp","tag-sacolas-de-feira-personalizadas-na-dutra","tag-sacolas-de-feira-personalizadas-na-marginal","tag-sacolas-de-feira-personalizadas-na-vila-maria","tag-sacolas-de-feira-personalizadas-na-zona-norte","tag-sacolas-de-feira-personalizadas-no-belenzinho","tag-sacolas-de-feira-personalizadas-no-bras","tag-sacolas-de-feira-personalizadas-perto-de-mim","tag-sacolas-de-feira-personalizadas-preco","tag-sacolas-de-feira-personalizadas-proximo-a-mim","tag-sacolas-de-loja-personalizadas-direto-da-fabrica","tag-sacolas-de-loja-personalizadas-em-promocao","tag-sacolas-de-loja-personalizadas-em-sao-paulo","tag-sacolas-de-loja-personalizadas-em-sp","tag-sacolas-de-loja-personalizadas-na-dutra","tag-sacolas-de-loja-personalizadas-na-marginal","tag-sacolas-de-loja-personalizadas-na-vila-maria","tag-sacolas-de-loja-personalizadas-na-zona-norte","tag-sacolas-de-loja-personalizadas-no-belenzinho","tag-sacolas-de-loja-personalizadas-no-bras","tag-sacolas-de-loja-personalizadas-perto-de-mim","tag-sacolas-de-loja-personalizadas-preco","tag-sacolas-de-loja-personalizadas-proximo-a-mim","tag-sacolas-de-tecido-personalizadas-direto-da-fabrica","tag-sacolas-de-tecido-personalizadas-em-promocao","tag-sacolas-de-tecido-personalizadas-em-sao-paulo","tag-sacolas-de-tecido-personalizadas-em-sp","tag-sacolas-de-tecido-personalizadas-na-dutra","tag-sacolas-de-tecido-personalizadas-na-marginal","tag-sacolas-de-tecido-personalizadas-na-vila-maria","tag-sacolas-de-tecido-personalizadas-na-zona-norte","tag-sacolas-de-tecido-personalizadas-no-belenzinho","tag-sacolas-de-tecido-personalizadas-no-bras","tag-sacolas-de-tecido-personalizadas-perto-de-mim","tag-sacolas-de-tecido-personalizadas-preco","tag-sacolas-de-tecido-personalizadas-proximo-a-mim","tag-sacolas-para-eventos-direto-da-fabrica","tag-sacolas-para-eventos-em-promocao","tag-sacolas-para-eventos-em-sao-paulo","tag-sacolas-para-eventos-em-sp","tag-sacolas-para-eventos-na-dutra","tag-sacolas-para-eventos-na-marginal","tag-sacolas-para-eventos-na-vila-maria","tag-sacolas-para-eventos-na-zona-norte","tag-sacolas-para-eventos-no-belenzinho","tag-sacolas-para-eventos-no-bras","tag-sacolas-para-eventos-perto-de-mim","tag-sacolas-para-eventos-preco","tag-sacolas-para-eventos-proximo-a-mim","tag-sacolas-para-presentes-personalizadas-direto-da-fabrica","tag-sacolas-para-presentes-personalizadas-em-promocao","tag-sacolas-para-presentes-personalizadas-em-sao-paulo","tag-sacolas-para-presentes-personalizadas-em-sp","tag-sacolas-para-presentes-personalizadas-na-dutra","tag-sacolas-para-presentes-personalizadas-na-marginal","tag-sacolas-para-presentes-personalizadas-na-vila-maria","tag-sacolas-para-presentes-personalizadas-na-zona-norte","tag-sacolas-para-presentes-personalizadas-no-belenzinho","tag-sacolas-para-presentes-personalizadas-no-bras","tag-sacolas-para-presentes-personalizadas-perto-de-mim","tag-sacolas-para-presentes-personalizadas-preco","tag-sacolas-para-presentes-personalizadas-proximo-a-mim","tag-sacolas-retornaveis-personalizadas-direto-da-fabrica","tag-sacolas-retornaveis-personalizadas-em-promocao","tag-sacolas-retornaveis-personalizadas-em-sao-paulo","tag-sacolas-retornaveis-personalizadas-em-sp","tag-sacolas-retornaveis-personalizadas-na-dutra","tag-sacolas-retornaveis-personalizadas-na-marginal","tag-sacolas-retornaveis-personalizadas-na-vila-maria","tag-sacolas-retornaveis-personalizadas-na-zona-norte","tag-sacolas-retornaveis-personalizadas-no-belenzinho","tag-sacolas-retornaveis-personalizadas-no-bras","tag-sacolas-retornaveis-personalizadas-perto-de-mim","tag-sacolas-retornaveis-personalizadas-preco","tag-sacolas-retornaveis-personalizadas-proximo-a-mim","latest_post"],"yoast_head":"<!-- This site is optimized with the Yoast SEO plugin v27.2 - https:\/\/yoast.com\/product\/yoast-seo-wordpress\/ -->\n<title>3 motivos para voc\u00ea adquirir sacola personalizada - Abaret<\/title>\n<meta name=\"description\" content=\"Neste artigo, apresentaremos tr\u00eas motivos ineg\u00e1veis para voc\u00ea adquirir sacola personalizada para a sua empresa. Confira!\" \/>\n<meta name=\"robots\" content=\"index, follow, max-snippet:-1, max-image-preview:large, max-video-preview:-1\" \/>\n<link rel=\"canonical\" href=\"https:\/\/www.abaret.com.br\/blog\/sacolas-personalizadas\/3-motivos-para-voce-adquirir-sacola-personalizada\/\" \/>\n<meta property=\"og:locale\" content=\"pt_BR\" \/>\n<meta property=\"og:type\" content=\"article\" \/>\n<meta property=\"og:title\" content=\"3 motivos para voc\u00ea adquirir sacola personalizada - Abaret\" \/>\n<meta property=\"og:description\" content=\"Neste artigo, apresentaremos tr\u00eas motivos ineg\u00e1veis para voc\u00ea adquirir sacola personalizada para a sua empresa. Confira!\" \/>\n<meta property=\"og:url\" content=\"https:\/\/www.abaret.com.br\/blog\/sacolas-personalizadas\/3-motivos-para-voce-adquirir-sacola-personalizada\/\" \/>\n<meta property=\"og:site_name\" content=\"Abaret\" \/>\n<meta property=\"article:published_time\" content=\"2023-10-02T12:24:24+00:00\" \/>\n<meta property=\"article:modified_time\" content=\"2023-10-03T14:37:15+00:00\" \/>\n<meta property=\"og:image\" content=\"https:\/\/www.abaret.com.br\/blog\/wp-content\/uploads\/2023\/10\/20231003173829_fpdl.in_maquete-de-sacola-de-papel-de-duas-compras_173626-46_normal.jpg\" \/>\n\t<meta property=\"og:image:width\" content=\"626\" \/>\n\t<meta property=\"og:image:height\" content=\"417\" \/>\n\t<meta property=\"og:image:type\" content=\"image\/jpeg\" \/>\n<meta name=\"author\" content=\"admin\" \/>\n<meta name=\"twitter:card\" content=\"summary_large_image\" \/>\n<meta name=\"twitter:label1\" content=\"Escrito por\" \/>\n\t<meta name=\"twitter:data1\" content=\"admin\" \/>\n\t<meta name=\"twitter:label2\" content=\"Est. tempo de leitura\" \/>\n\t<meta name=\"twitter:data2\" content=\"3 minutos\" \/>\n<script type=\"application\/ld+json\" class=\"yoast-schema-graph\">{\"@context\":\"https:\/\/schema.org\",\"@graph\":[{\"@type\":\"Article\",\"@id\":\"https:\/\/www.abaret.com.br\/blog\/sacolas-personalizadas\/3-motivos-para-voce-adquirir-sacola-personalizada\/#article\",\"isPartOf\":{\"@id\":\"https:\/\/www.abaret.com.br\/blog\/sacolas-personalizadas\/3-motivos-para-voce-adquirir-sacola-personalizada\/\"},\"author\":{\"name\":\"admin\",\"@id\":\"https:\/\/www.abaret.com.br\/blog\/#\/schema\/person\/16562f3dee9f40ecacf3d0517282ef1d\"},\"headline\":\"3 motivos para voc\u00ea adquirir sacola personalizada\",\"datePublished\":\"2023-10-02T12:24:24+00:00\",\"dateModified\":\"2023-10-03T14:37:15+00:00\",\"mainEntityOfPage\":{\"@id\":\"https:\/\/www.abaret.com.br\/blog\/sacolas-personalizadas\/3-motivos-para-voce-adquirir-sacola-personalizada\/\"},\"wordCount\":452,\"commentCount\":0,\"publisher\":{\"@id\":\"https:\/\/www.abaret.com.br\/blog\/#organization\"},\"image\":{\"@id\":\"https:\/\/www.abaret.com.br\/blog\/sacolas-personalizadas\/3-motivos-para-voce-adquirir-sacola-personalizada\/#primaryimage\"},\"thumbnailUrl\":\"https:\/\/www.abaret.com.br\/blog\/wp-content\/uploads\/2023\/10\/20231003173829_fpdl.in_maquete-de-sacola-de-papel-de-duas-compras_173626-46_normal.jpg\",\"keywords\":[\"Bolsas de papel personalizadas direto da fabrica\",\"Bolsas de papel personalizadas em promo\u00e7\u00e3o\",\"Bolsas de papel personalizadas em s\u00e3o paulo\",\"Bolsas de papel personalizadas em sp\",\"Bolsas de papel personalizadas na Dutra\",\"Bolsas de papel personalizadas na Marginal\",\"Bolsas de papel personalizadas na Vila Maria\",\"Bolsas de papel personalizadas na zona norte\",\"Bolsas de papel personalizadas no Belenzinho\",\"Bolsas de papel personalizadas no Br\u00e1s\",\"Bolsas de papel personalizadas perto de mim\",\"Bolsas de papel personalizadas pre\u00e7o\",\"Bolsas de papel personalizadas pr\u00f3ximo a mim\",\"Bolsas promocionais personalizadas direto da fabrica\",\"Bolsas promocionais personalizadas em promo\u00e7\u00e3o\",\"Bolsas promocionais personalizadas em s\u00e3o paulo\",\"Bolsas promocionais personalizadas em sp\",\"Bolsas promocionais personalizadas na Dutra\",\"Bolsas promocionais personalizadas na Marginal\",\"Bolsas promocionais personalizadas na Vila Maria\",\"Bolsas promocionais personalizadas na zona norte\",\"Bolsas promocionais personalizadas no Belenzinho\",\"Bolsas promocionais personalizadas no Br\u00e1s\",\"Bolsas promocionais personalizadas perto de mim\",\"Bolsas promocionais personalizadas pre\u00e7o\",\"Bolsas promocionais personalizadas pr\u00f3ximo a mim\",\"comprar Bolsas de papel personalizadas\",\"comprar Bolsas promocionais personalizadas\",\"comprar Sacola de compras personalizada\",\"comprar Sacola de empresa personalizada\",\"comprar Sacola de lona personalizada\",\"comprar Sacola de pano personalizada\",\"comprar Sacola de praia personalizada\",\"comprar Sacola ecologica personalizada\",\"comprar Sacola para brindes\",\"comprar Sacola pl\u00e1stica personalizada\",\"comprar Sacola promocional\",\"comprar Sacola reutiliz\u00e1vel personalizada\",\"comprar Sacolas corporativas personalizadas\",\"comprar Sacolas customizadas\",\"comprar Sacolas de algod\u00e3o personalizadas\",\"comprar Sacolas de feira personalizadas\",\"comprar Sacolas de loja personalizadas\",\"comprar Sacolas de tecido personalizadas\",\"comprar Sacolas para eventos\",\"comprar Sacolas para presentes personalizadas\",\"comprar Sacolas retorn\u00e1veis personalizadas\",\"distribuidor de Bolsas de papel personalizadas\",\"distribuidor de Bolsas promocionais personalizadas\",\"distribuidor de Sacola de compras personalizada\",\"distribuidor de Sacola de empresa personalizada\",\"distribuidor de Sacola de lona personalizada\",\"distribuidor de Sacola de pano personalizada\",\"distribuidor de Sacola de praia personalizada\",\"distribuidor de Sacola ecologica personalizada\",\"distribuidor de Sacola para brindes\",\"distribuidor de Sacola pl\u00e1stica personalizada\",\"distribuidor de Sacola promocional\",\"distribuidor de Sacola reutiliz\u00e1vel personalizada\",\"distribuidor de Sacolas corporativas personalizadas\",\"distribuidor de Sacolas customizadas\",\"distribuidor de Sacolas de algod\u00e3o personalizadas\",\"distribuidor de Sacolas de feira personalizadas\",\"distribuidor de Sacolas de loja personalizadas\",\"distribuidor de Sacolas de tecido personalizadas\",\"distribuidor de Sacolas para eventos\",\"distribuidor de Sacolas para presentes personalizadas\",\"distribuidor de Sacolas retorn\u00e1veis personalizadas\",\"distribuidora de Bolsas de papel personalizadas\",\"distribuidora de Bolsas promocionais personalizadas\",\"distribuidora de Sacola de compras personalizada\",\"distribuidora de Sacola de empresa personalizada\",\"distribuidora de Sacola de lona personalizada\",\"distribuidora de Sacola de pano personalizada\",\"distribuidora de Sacola de praia personalizada\",\"distribuidora de Sacola ecologica personalizada\",\"distribuidora de Sacola para brindes\",\"distribuidora de Sacola pl\u00e1stica personalizada\",\"distribuidora de Sacola promocional\",\"distribuidora de Sacola reutiliz\u00e1vel personalizada\",\"distribuidora de Sacolas corporativas personalizadas\",\"distribuidora de Sacolas customizadas\",\"distribuidora de Sacolas de algod\u00e3o personalizadas\",\"distribuidora de Sacolas de feira personalizadas\",\"distribuidora de Sacolas de loja personalizadas\",\"distribuidora de Sacolas de tecido personalizadas\",\"distribuidora de Sacolas para eventos\",\"distribuidora de Sacolas para presentes personalizadas\",\"distribuidora de Sacolas retorn\u00e1veis personalizadas\",\"empresa de Bolsas de papel personalizadas\",\"empresa de Bolsas promocionais personalizadas\",\"empresa de Sacola de compras personalizada\",\"empresa de Sacola de empresa personalizada\",\"empresa de Sacola de lona personalizada\",\"empresa de Sacola de pano personalizada\",\"empresa de Sacola de praia personalizada\",\"empresa de Sacola ecologica personalizada\",\"empresa de Sacola para brindes\",\"empresa de Sacola pl\u00e1stica personalizada\",\"empresa de Sacola promocional\",\"empresa de Sacola reutiliz\u00e1vel personalizada\",\"empresa de Sacolas corporativas personalizadas\",\"empresa de Sacolas customizadas\",\"empresa de Sacolas de algod\u00e3o personalizadas\",\"empresa de Sacolas de feira personalizadas\",\"empresa de Sacolas de loja personalizadas\",\"empresa de Sacolas de tecido personalizadas\",\"empresa de Sacolas para eventos\",\"empresa de Sacolas para presentes personalizadas\",\"empresa de Sacolas retorn\u00e1veis personalizadas\",\"f\u00e1brica de Bolsas de papel personalizadas\",\"f\u00e1brica de Bolsas promocionais personalizadas\",\"f\u00e1brica de Sacola de compras personalizada\",\"f\u00e1brica de Sacola de empresa personalizada\",\"f\u00e1brica de Sacola de lona personalizada\",\"f\u00e1brica de Sacola de pano personalizada\",\"f\u00e1brica de Sacola de praia personalizada\",\"f\u00e1brica de Sacola ecologica personalizada\",\"f\u00e1brica de Sacola para brindes\",\"f\u00e1brica de Sacola pl\u00e1stica personalizada\",\"f\u00e1brica de Sacola promocional\",\"f\u00e1brica de Sacola reutiliz\u00e1vel personalizada\",\"f\u00e1brica de Sacolas corporativas personalizadas\",\"f\u00e1brica de Sacolas customizadas\",\"f\u00e1brica de Sacolas de algod\u00e3o personalizadas\",\"f\u00e1brica de Sacolas de feira personalizadas\",\"f\u00e1brica de Sacolas de loja personalizadas\",\"f\u00e1brica de Sacolas de tecido personalizadas\",\"f\u00e1brica de Sacolas para eventos\",\"f\u00e1brica de Sacolas para presentes personalizadas\",\"f\u00e1brica de Sacolas retorn\u00e1veis personalizadas\",\"fabricante de Bolsas de papel personalizadas\",\"fabricante de Bolsas promocionais personalizadas\",\"fabricante de Sacola de compras personalizada\",\"fabricante de Sacola de empresa personalizada\",\"fabricante de Sacola de lona personalizada\",\"fabricante de Sacola de pano personalizada\",\"fabricante de Sacola de praia personalizada\",\"fabricante de Sacola ecologica personalizada\",\"fabricante de Sacola para brindes\",\"fabricante de Sacola pl\u00e1stica personalizada\",\"fabricante de Sacola promocional\",\"fabricante de Sacola reutiliz\u00e1vel personalizada\",\"fabricante de Sacolas corporativas personalizadas\",\"fabricante de Sacolas customizadas\",\"fabricante de Sacolas de algod\u00e3o personalizadas\",\"fabricante de Sacolas de feira personalizadas\",\"fabricante de Sacolas de loja personalizadas\",\"fabricante de Sacolas de tecido personalizadas\",\"fabricante de Sacolas para eventos\",\"fabricante de Sacolas para presentes personalizadas\",\"fabricante de Sacolas retorn\u00e1veis personalizadas\",\"fornecedor de Bolsas de papel personalizadas\",\"fornecedor de Bolsas promocionais personalizadas\",\"fornecedor de Sacola de compras personalizada\",\"fornecedor de Sacola de empresa personalizada\",\"fornecedor de Sacola de lona personalizada\",\"fornecedor de Sacola de pano personalizada\",\"fornecedor de Sacola de praia personalizada\",\"fornecedor de Sacola ecologica personalizada\",\"fornecedor de Sacola para brindes\",\"fornecedor de Sacola pl\u00e1stica personalizada\",\"fornecedor de Sacola promocional\",\"fornecedor de Sacola reutiliz\u00e1vel personalizada\",\"fornecedor de Sacolas corporativas personalizadas\",\"fornecedor de Sacolas customizadas\",\"fornecedor de Sacolas de algod\u00e3o personalizadas\",\"fornecedor de Sacolas de feira personalizadas\",\"fornecedor de Sacolas de loja personalizadas\",\"fornecedor de Sacolas de tecido personalizadas\",\"fornecedor de Sacolas para eventos\",\"fornecedor de Sacolas para presentes personalizadas\",\"fornecedor de Sacolas retorn\u00e1veis personalizadas\",\"loja de Bolsas de papel personalizadas\",\"loja de Bolsas promocionais personalizadas\",\"loja de Sacola de compras personalizada\",\"loja de Sacola de empresa personalizada\",\"loja de Sacola de lona personalizada\",\"loja de Sacola de pano personalizada\",\"loja de Sacola de praia personalizada\",\"loja de Sacola ecologica personalizada\",\"loja de Sacola para brindes\",\"loja de Sacola pl\u00e1stica personalizada\",\"loja de Sacola promocional\",\"loja de Sacola reutiliz\u00e1vel personalizada\",\"loja de Sacolas corporativas personalizadas\",\"loja de Sacolas customizadas\",\"loja de Sacolas de algod\u00e3o personalizadas\",\"loja de Sacolas de feira personalizadas\",\"loja de Sacolas de loja personalizadas\",\"loja de Sacolas de tecido personalizadas\",\"loja de Sacolas para eventos\",\"loja de Sacolas para presentes personalizadas\",\"loja de Sacolas retorn\u00e1veis personalizadas\",\"onde encontrar Bolsas de papel personalizadas\",\"onde encontrar Bolsas promocionais personalizadas\",\"onde encontrar Sacola de compras personalizada\",\"onde encontrar Sacola de empresa personalizada\",\"onde encontrar Sacola de pano personalizada\",\"onde encontrar Sacola de praia personalizada\",\"onde encontrar Sacola ecologica personalizada\",\"onde encontrar Sacola para brindes\",\"onde encontrar Sacola pl\u00e1stica personalizada\",\"onde encontrar Sacola promocional\",\"onde encontrar Sacola reutiliz\u00e1vel personalizada\",\"onde encontrar Sacolas corporativas personalizadas\",\"onde encontrar Sacolas customizadas\",\"onde encontrar Sacolas de algod\u00e3o personalizadas\",\"onde encontrar Sacolas de feira personalizadas\",\"onde encontrar Sacolas de loja personalizadas\",\"onde encontrar Sacolas de tecido personalizadas\",\"onde encontrar Sacolas para eventos\",\"onde encontrar Sacolas para presentes personalizadas\",\"onde encontrar Sacolas retorn\u00e1veis personalizadas\",\"revendedor de Bolsas de papel personalizadas\",\"revendedor de Bolsas promocionais personalizadas\",\"revendedor de Sacola de compras personalizada\",\"revendedor de Sacola de empresa personalizada\",\"revendedor de Sacola de lona personalizada\",\"revendedor de Sacola de pano personalizada\",\"revendedor de Sacola de praia personalizada\",\"revendedor de Sacola ecologica personalizada\",\"revendedor de Sacola para brindes\",\"revendedor de Sacola pl\u00e1stica personalizada\",\"revendedor de Sacola promocional\",\"revendedor de Sacola reutiliz\u00e1vel personalizada\",\"revendedor de Sacolas corporativas personalizadas\",\"revendedor de Sacolas customizadas\",\"revendedor de Sacolas de algod\u00e3o personalizadas\",\"revendedor de Sacolas de feira personalizadas\",\"revendedor de Sacolas de loja personalizadas\",\"revendedor de Sacolas de tecido personalizadas\",\"revendedor de Sacolas para eventos\",\"revendedor de Sacolas para presentes personalizadas\",\"revendedor de Sacolas retorn\u00e1veis personalizadas\",\"Sacola de compras personalizada direto da fabrica\",\"Sacola de compras personalizada em promo\u00e7\u00e3o\",\"Sacola de compras personalizada em s\u00e3o paulo\",\"Sacola de compras personalizada em sp\",\"Sacola de compras personalizada na Dutra\",\"Sacola de compras personalizada na Marginal\",\"Sacola de compras personalizada na Vila Maria\",\"Sacola de compras personalizada na zona norte\",\"Sacola de compras personalizada no Belenzinho\",\"Sacola de compras personalizada no Br\u00e1s\",\"Sacola de compras personalizada perto de mim\",\"Sacola de compras personalizada pre\u00e7o\",\"Sacola de compras personalizada pr\u00f3ximo a mim\",\"Sacola de empresa personalizada direto da fabrica\",\"Sacola de empresa personalizada em promo\u00e7\u00e3o\",\"Sacola de empresa personalizada em s\u00e3o paulo\",\"Sacola de empresa personalizada em sp\",\"Sacola de empresa personalizada na Dutra\",\"Sacola de empresa personalizada na Marginal\",\"Sacola de empresa personalizada na Vila Maria\",\"Sacola de empresa personalizada na zona norte\",\"Sacola de empresa personalizada no Belenzinho\",\"Sacola de empresa personalizada no Br\u00e1s\",\"Sacola de empresa personalizada perto de mim\",\"Sacola de empresa personalizada pre\u00e7o\",\"Sacola de empresa personalizada pr\u00f3ximo a mim\",\"Sacola de lona personalizada direto da fabrica\",\"Sacola de lona personalizada em promo\u00e7\u00e3o\",\"Sacola de lona personalizada em s\u00e3o paulo\",\"Sacola de lona personalizada em sp\",\"Sacola de lona personalizada na Dutra\",\"Sacola de lona personalizada na Marginal\",\"Sacola de lona personalizada na Vila Maria\",\"Sacola de lona personalizada na zona norte\",\"Sacola de lona personalizada no Belenzinho\",\"Sacola de lona personalizada no Br\u00e1s\",\"Sacola de lona personalizada perto de mim\",\"Sacola de lona personalizada pre\u00e7o\",\"Sacola de lona personalizada pr\u00f3ximo a mim\",\"Sacola de pano personalizada direto da fabrica\",\"Sacola de pano personalizada em promo\u00e7\u00e3o\",\"Sacola de pano personalizada em s\u00e3o paulo\",\"Sacola de pano personalizada em sp\",\"Sacola de pano personalizada na Dutra\",\"Sacola de pano personalizada na Marginal\",\"Sacola de pano personalizada na Vila Maria\",\"Sacola de pano personalizada na zona norte\",\"Sacola de pano personalizada no Belenzinho\",\"Sacola de pano personalizada no Br\u00e1s\",\"Sacola de pano personalizada perto de mim\",\"Sacola de pano personalizada pre\u00e7o\",\"Sacola de pano personalizada pr\u00f3ximo a mim\",\"Sacola de praia personalizada direto da fabrica\",\"Sacola de praia personalizada em promo\u00e7\u00e3o\",\"Sacola de praia personalizada em s\u00e3o paulo\",\"Sacola de praia personalizada em sp\",\"Sacola de praia personalizada na Dutra\",\"Sacola de praia personalizada na Marginal\",\"Sacola de praia personalizada na Vila Maria\",\"Sacola de praia personalizada na zona norte\",\"Sacola de praia personalizada no Belenzinho\",\"Sacola de praia personalizada no Br\u00e1s\",\"Sacola de praia personalizada perto de mim\",\"Sacola de praia personalizada pre\u00e7o\",\"Sacola de praia personalizada pr\u00f3ximo a mim\",\"Sacola ecologica personalizada direto da fabrica\",\"Sacola ecologica personalizada em promo\u00e7\u00e3o\",\"Sacola ecologica personalizada em s\u00e3o paulo\",\"Sacola ecologica personalizada em sp\",\"Sacola ecologica personalizada na Dutra\",\"Sacola ecologica personalizada na Marginal\",\"Sacola ecologica personalizada na Vila Maria\",\"Sacola ecologica personalizada na zona norte\",\"Sacola ecologica personalizada no Belenzinho\",\"Sacola ecologica personalizada no Br\u00e1s\",\"Sacola ecologica personalizada perto de mim\",\"Sacola ecologica personalizada pre\u00e7o\",\"Sacola ecologica personalizada pr\u00f3ximo a mim\",\"Sacola para brindes direto da fabrica\",\"Sacola para brindes em promo\u00e7\u00e3o\",\"Sacola para brindes em s\u00e3o paulo\",\"Sacola para brindes em sp\",\"Sacola para brindes na Dutra\",\"Sacola para brindes na Marginal\",\"Sacola para brindes na Vila Maria\",\"Sacola para brindes na zona norte\",\"Sacola para brindes no Belenzinho\",\"Sacola para brindes no Br\u00e1s\",\"Sacola para brindes perto de mim\",\"Sacola para brindes pre\u00e7o\",\"Sacola para brindes pr\u00f3ximo a mim\",\"Sacola pl\u00e1stica personalizada direto da fabrica\",\"Sacola pl\u00e1stica personalizada em promo\u00e7\u00e3o\",\"Sacola pl\u00e1stica personalizada em s\u00e3o paulo\",\"Sacola pl\u00e1stica personalizada em sp\",\"Sacola pl\u00e1stica personalizada na Dutra\",\"Sacola pl\u00e1stica personalizada na Marginal\",\"Sacola pl\u00e1stica personalizada na Vila Maria\",\"Sacola pl\u00e1stica personalizada na zona norte\",\"Sacola pl\u00e1stica personalizada no Belenzinho\",\"Sacola pl\u00e1stica personalizada no Br\u00e1s\",\"Sacola pl\u00e1stica personalizada perto de mim\",\"Sacola pl\u00e1stica personalizada pre\u00e7o\",\"Sacola pl\u00e1stica personalizada pr\u00f3ximo a mim\",\"Sacola promocional direto da fabrica\",\"Sacola promocional em promo\u00e7\u00e3o\",\"Sacola promocional em s\u00e3o paulo\",\"Sacola promocional em sp\",\"Sacola promocional na Dutra\",\"Sacola promocional na Marginal\",\"Sacola promocional na Vila Maria\",\"Sacola promocional na zona norte\",\"Sacola promocional no Belenzinho\",\"Sacola promocional no Br\u00e1s\",\"Sacola promocional perto de mim\",\"Sacola promocional pre\u00e7o\",\"Sacola promocional pr\u00f3ximo a mim\",\"Sacola reutiliz\u00e1vel personalizada direto da fabrica\",\"Sacola reutiliz\u00e1vel personalizada em promo\u00e7\u00e3o\",\"Sacola reutiliz\u00e1vel personalizada em s\u00e3o paulo\",\"Sacola reutiliz\u00e1vel personalizada em sp\",\"Sacola reutiliz\u00e1vel personalizada na Dutra\",\"Sacola reutiliz\u00e1vel personalizada na Marginal\",\"Sacola reutiliz\u00e1vel personalizada na Vila Maria\",\"Sacola reutiliz\u00e1vel personalizada na zona norte\",\"Sacola reutiliz\u00e1vel personalizada no Belenzinho\",\"Sacola reutiliz\u00e1vel personalizada no Br\u00e1s\",\"Sacola reutiliz\u00e1vel personalizada perto de mim\",\"Sacola reutiliz\u00e1vel personalizada pre\u00e7o\",\"Sacola reutiliz\u00e1vel personalizada pr\u00f3ximo a mim\",\"Sacolas corporativas personalizadas direto da fabrica\",\"Sacolas corporativas personalizadas em promo\u00e7\u00e3o\",\"Sacolas corporativas personalizadas em s\u00e3o paulo\",\"Sacolas corporativas personalizadas em sp\",\"Sacolas corporativas personalizadas na Dutra\",\"Sacolas corporativas personalizadas na Marginal\",\"Sacolas corporativas personalizadas na Vila Maria\",\"Sacolas corporativas personalizadas na zona norte\",\"Sacolas corporativas personalizadas no Belenzinho\",\"Sacolas corporativas personalizadas no Br\u00e1s\",\"Sacolas corporativas personalizadas perto de mim\",\"Sacolas corporativas personalizadas pre\u00e7o\",\"Sacolas corporativas personalizadas pr\u00f3ximo a mim\",\"Sacolas customizadas direto da fabrica\",\"Sacolas customizadas em promo\u00e7\u00e3o\",\"Sacolas customizadas em s\u00e3o paulo\",\"Sacolas customizadas em sp\",\"Sacolas customizadas na Dutra\",\"Sacolas customizadas na Marginal\",\"Sacolas customizadas na Vila Maria\",\"Sacolas customizadas na zona norte\",\"Sacolas customizadas no Belenzinho\",\"Sacolas customizadas no Br\u00e1s\",\"Sacolas customizadas perto de mim\",\"Sacolas customizadas pre\u00e7o\",\"Sacolas customizadas pr\u00f3ximo a mim\",\"Sacolas de algod\u00e3o personalizadas direto da fabrica\",\"Sacolas de algod\u00e3o personalizadas em promo\u00e7\u00e3o\",\"Sacolas de algod\u00e3o personalizadas em s\u00e3o paulo\",\"Sacolas de algod\u00e3o personalizadas em sp\",\"Sacolas de algod\u00e3o personalizadas na Dutra\",\"Sacolas de algod\u00e3o personalizadas na Marginal\",\"Sacolas de algod\u00e3o personalizadas na Vila Maria\",\"Sacolas de algod\u00e3o personalizadas na zona norte\",\"Sacolas de algod\u00e3o personalizadas no Belenzinho\",\"Sacolas de algod\u00e3o personalizadas no Br\u00e1s\",\"Sacolas de algod\u00e3o personalizadas perto de mim\",\"Sacolas de algod\u00e3o personalizadas pre\u00e7o\",\"Sacolas de algod\u00e3o personalizadas pr\u00f3ximo a mim\",\"Sacolas de feira personalizadas direto da fabrica\",\"Sacolas de feira personalizadas em promo\u00e7\u00e3o\",\"Sacolas de feira personalizadas em s\u00e3o paulo\",\"Sacolas de feira personalizadas em sp\",\"Sacolas de feira personalizadas na Dutra\",\"Sacolas de feira personalizadas na Marginal\",\"Sacolas de feira personalizadas na Vila Maria\",\"Sacolas de feira personalizadas na zona norte\",\"Sacolas de feira personalizadas no Belenzinho\",\"Sacolas de feira personalizadas no Br\u00e1s\",\"Sacolas de feira personalizadas perto de mim\",\"Sacolas de feira personalizadas pre\u00e7o\",\"Sacolas de feira personalizadas pr\u00f3ximo a mim\",\"Sacolas de loja personalizadas direto da fabrica\",\"Sacolas de loja personalizadas em promo\u00e7\u00e3o\",\"Sacolas de loja personalizadas em s\u00e3o paulo\",\"Sacolas de loja personalizadas em sp\",\"Sacolas de loja personalizadas na Dutra\",\"Sacolas de loja personalizadas na Marginal\",\"Sacolas de loja personalizadas na Vila Maria\",\"Sacolas de loja personalizadas na zona norte\",\"Sacolas de loja personalizadas no Belenzinho\",\"Sacolas de loja personalizadas no Br\u00e1s\",\"Sacolas de loja personalizadas perto de mim\",\"Sacolas de loja personalizadas pre\u00e7o\",\"Sacolas de loja personalizadas pr\u00f3ximo a mim\",\"Sacolas de tecido personalizadas direto da fabrica\",\"Sacolas de tecido personalizadas em promo\u00e7\u00e3o\",\"Sacolas de tecido personalizadas em s\u00e3o paulo\",\"Sacolas de tecido personalizadas em sp\",\"Sacolas de tecido personalizadas na Dutra\",\"Sacolas de tecido personalizadas na Marginal\",\"Sacolas de tecido personalizadas na Vila Maria\",\"Sacolas de tecido personalizadas na zona norte\",\"Sacolas de tecido personalizadas no Belenzinho\",\"Sacolas de tecido personalizadas no Br\u00e1s\",\"Sacolas de tecido personalizadas perto de mim\",\"Sacolas de tecido personalizadas pre\u00e7o\",\"Sacolas de tecido personalizadas pr\u00f3ximo a mim\",\"Sacolas para eventos direto da fabrica\",\"Sacolas para eventos em promo\u00e7\u00e3o\",\"Sacolas para eventos em s\u00e3o paulo\",\"Sacolas para eventos em sp\",\"Sacolas para eventos na Dutra\",\"Sacolas para eventos na Marginal\",\"Sacolas para eventos na Vila Maria\",\"Sacolas para eventos na zona norte\",\"Sacolas para eventos no Belenzinho\",\"Sacolas para eventos no Br\u00e1s\",\"Sacolas para eventos perto de mim\",\"Sacolas para eventos pre\u00e7o\",\"Sacolas para eventos pr\u00f3ximo a mim\",\"Sacolas para presentes personalizadas direto da fabrica\",\"Sacolas para presentes personalizadas em promo\u00e7\u00e3o\",\"Sacolas para presentes personalizadas em s\u00e3o paulo\",\"Sacolas para presentes personalizadas em sp\",\"Sacolas para presentes personalizadas na Dutra\",\"Sacolas para presentes personalizadas na Marginal\",\"Sacolas para presentes personalizadas na Vila Maria\",\"Sacolas para presentes personalizadas na zona norte\",\"Sacolas para presentes personalizadas no Belenzinho\",\"Sacolas para presentes personalizadas no Br\u00e1s\",\"Sacolas para presentes personalizadas perto de mim\",\"Sacolas para presentes personalizadas pre\u00e7o\",\"Sacolas para presentes personalizadas pr\u00f3ximo a mim\",\"Sacolas retorn\u00e1veis personalizadas direto da fabrica\",\"Sacolas retorn\u00e1veis personalizadas em promo\u00e7\u00e3o\",\"Sacolas retorn\u00e1veis personalizadas em s\u00e3o paulo\",\"Sacolas retorn\u00e1veis personalizadas em sp\",\"Sacolas retorn\u00e1veis personalizadas na Dutra\",\"Sacolas retorn\u00e1veis personalizadas na Marginal\",\"Sacolas retorn\u00e1veis personalizadas na Vila Maria\",\"Sacolas retorn\u00e1veis personalizadas na zona norte\",\"Sacolas retorn\u00e1veis personalizadas no Belenzinho\",\"Sacolas retorn\u00e1veis personalizadas no Br\u00e1s\",\"Sacolas retorn\u00e1veis personalizadas perto de mim\",\"Sacolas retorn\u00e1veis personalizadas pre\u00e7o\",\"Sacolas retorn\u00e1veis personalizadas pr\u00f3ximo a mim\"],\"articleSection\":[\"Sacolas Personalizadas\"],\"inLanguage\":\"pt-BR\",\"potentialAction\":[{\"@type\":\"CommentAction\",\"name\":\"Comment\",\"target\":[\"https:\/\/www.abaret.com.br\/blog\/sacolas-personalizadas\/3-motivos-para-voce-adquirir-sacola-personalizada\/#respond\"]}]},{\"@type\":\"WebPage\",\"@id\":\"https:\/\/www.abaret.com.br\/blog\/sacolas-personalizadas\/3-motivos-para-voce-adquirir-sacola-personalizada\/\",\"url\":\"https:\/\/www.abaret.com.br\/blog\/sacolas-personalizadas\/3-motivos-para-voce-adquirir-sacola-personalizada\/\",\"name\":\"3 motivos para voc\u00ea adquirir sacola personalizada - Abaret\",\"isPartOf\":{\"@id\":\"https:\/\/www.abaret.com.br\/blog\/#website\"},\"primaryImageOfPage\":{\"@id\":\"https:\/\/www.abaret.com.br\/blog\/sacolas-personalizadas\/3-motivos-para-voce-adquirir-sacola-personalizada\/#primaryimage\"},\"image\":{\"@id\":\"https:\/\/www.abaret.com.br\/blog\/sacolas-personalizadas\/3-motivos-para-voce-adquirir-sacola-personalizada\/#primaryimage\"},\"thumbnailUrl\":\"https:\/\/www.abaret.com.br\/blog\/wp-content\/uploads\/2023\/10\/20231003173829_fpdl.in_maquete-de-sacola-de-papel-de-duas-compras_173626-46_normal.jpg\",\"datePublished\":\"2023-10-02T12:24:24+00:00\",\"dateModified\":\"2023-10-03T14:37:15+00:00\",\"description\":\"Neste artigo, apresentaremos tr\u00eas motivos ineg\u00e1veis para voc\u00ea adquirir sacola personalizada para a sua empresa. Confira!\",\"breadcrumb\":{\"@id\":\"https:\/\/www.abaret.com.br\/blog\/sacolas-personalizadas\/3-motivos-para-voce-adquirir-sacola-personalizada\/#breadcrumb\"},\"inLanguage\":\"pt-BR\",\"potentialAction\":[{\"@type\":\"ReadAction\",\"target\":[\"https:\/\/www.abaret.com.br\/blog\/sacolas-personalizadas\/3-motivos-para-voce-adquirir-sacola-personalizada\/\"]}]},{\"@type\":\"ImageObject\",\"inLanguage\":\"pt-BR\",\"@id\":\"https:\/\/www.abaret.com.br\/blog\/sacolas-personalizadas\/3-motivos-para-voce-adquirir-sacola-personalizada\/#primaryimage\",\"url\":\"https:\/\/www.abaret.com.br\/blog\/wp-content\/uploads\/2023\/10\/20231003173829_fpdl.in_maquete-de-sacola-de-papel-de-duas-compras_173626-46_normal.jpg\",\"contentUrl\":\"https:\/\/www.abaret.com.br\/blog\/wp-content\/uploads\/2023\/10\/20231003173829_fpdl.in_maquete-de-sacola-de-papel-de-duas-compras_173626-46_normal.jpg\",\"width\":626,\"height\":417,\"caption\":\"3 motivos para voc\u00ea adquirir sacola personalizada\"},{\"@type\":\"BreadcrumbList\",\"@id\":\"https:\/\/www.abaret.com.br\/blog\/sacolas-personalizadas\/3-motivos-para-voce-adquirir-sacola-personalizada\/#breadcrumb\",\"itemListElement\":[{\"@type\":\"ListItem\",\"position\":1,\"name\":\"In\u00edcio\",\"item\":\"https:\/\/www.abaret.com.br\/blog\/\"},{\"@type\":\"ListItem\",\"position\":2,\"name\":\"3 motivos para voc\u00ea adquirir sacola personalizada\"}]},{\"@type\":\"WebSite\",\"@id\":\"https:\/\/www.abaret.com.br\/blog\/#website\",\"url\":\"https:\/\/www.abaret.com.br\/blog\/\",\"name\":\"Abaret\",\"description\":\"Blog\",\"publisher\":{\"@id\":\"https:\/\/www.abaret.com.br\/blog\/#organization\"},\"potentialAction\":[{\"@type\":\"SearchAction\",\"target\":{\"@type\":\"EntryPoint\",\"urlTemplate\":\"https:\/\/www.abaret.com.br\/blog\/?s={search_term_string}\"},\"query-input\":{\"@type\":\"PropertyValueSpecification\",\"valueRequired\":true,\"valueName\":\"search_term_string\"}}],\"inLanguage\":\"pt-BR\"},{\"@type\":\"Organization\",\"@id\":\"https:\/\/www.abaret.com.br\/blog\/#organization\",\"name\":\"Abaret\",\"url\":\"https:\/\/www.abaret.com.br\/blog\/\",\"logo\":{\"@type\":\"ImageObject\",\"inLanguage\":\"pt-BR\",\"@id\":\"https:\/\/www.abaret.com.br\/blog\/#\/schema\/logo\/image\/\",\"url\":\"https:\/\/www.abaret.com.br\/blog\/wp-content\/uploads\/2022\/01\/logo-abaret.png\",\"contentUrl\":\"https:\/\/www.abaret.com.br\/blog\/wp-content\/uploads\/2022\/01\/logo-abaret.png\",\"width\":200,\"height\":63,\"caption\":\"Abaret\"},\"image\":{\"@id\":\"https:\/\/www.abaret.com.br\/blog\/#\/schema\/logo\/image\/\"}},{\"@type\":\"Person\",\"@id\":\"https:\/\/www.abaret.com.br\/blog\/#\/schema\/person\/16562f3dee9f40ecacf3d0517282ef1d\",\"name\":\"admin\",\"image\":{\"@type\":\"ImageObject\",\"inLanguage\":\"pt-BR\",\"@id\":\"https:\/\/secure.gravatar.com\/avatar\/3813f53848958b8842eeafda91666185a90010f65ed554379b78794cde6f234a?s=96&d=mm&r=g\",\"url\":\"https:\/\/secure.gravatar.com\/avatar\/3813f53848958b8842eeafda91666185a90010f65ed554379b78794cde6f234a?s=96&d=mm&r=g\",\"contentUrl\":\"https:\/\/secure.gravatar.com\/avatar\/3813f53848958b8842eeafda91666185a90010f65ed554379b78794cde6f234a?s=96&d=mm&r=g\",\"caption\":\"admin\"},\"sameAs\":[\"https:\/\/abaret.com.br\/blog\"],\"url\":\"https:\/\/www.abaret.com.br\/blog\/author\/admin\/\"}]}<\/script>\n<!-- \/ Yoast SEO plugin. -->","yoast_head_json":{"title":"3 motivos para voc\u00ea adquirir sacola personalizada - Abaret","description":"Neste artigo, apresentaremos tr\u00eas motivos ineg\u00e1veis para voc\u00ea adquirir sacola personalizada para a sua empresa. Confira!","robots":{"index":"index","follow":"follow","max-snippet":"max-snippet:-1","max-image-preview":"max-image-preview:large","max-video-preview":"max-video-preview:-1"},"canonical":"https:\/\/www.abaret.com.br\/blog\/sacolas-personalizadas\/3-motivos-para-voce-adquirir-sacola-personalizada\/","og_locale":"pt_BR","og_type":"article","og_title":"3 motivos para voc\u00ea adquirir sacola personalizada - Abaret","og_description":"Neste artigo, apresentaremos tr\u00eas motivos ineg\u00e1veis para voc\u00ea adquirir sacola personalizada para a sua empresa. Confira!","og_url":"https:\/\/www.abaret.com.br\/blog\/sacolas-personalizadas\/3-motivos-para-voce-adquirir-sacola-personalizada\/","og_site_name":"Abaret","article_published_time":"2023-10-02T12:24:24+00:00","article_modified_time":"2023-10-03T14:37:15+00:00","og_image":[{"width":626,"height":417,"url":"https:\/\/www.abaret.com.br\/blog\/wp-content\/uploads\/2023\/10\/20231003173829_fpdl.in_maquete-de-sacola-de-papel-de-duas-compras_173626-46_normal.jpg","type":"image\/jpeg"}],"author":"admin","twitter_card":"summary_large_image","twitter_misc":{"Escrito por":"admin","Est. tempo de leitura":"3 minutos"},"schema":{"@context":"https:\/\/schema.org","@graph":[{"@type":"Article","@id":"https:\/\/www.abaret.com.br\/blog\/sacolas-personalizadas\/3-motivos-para-voce-adquirir-sacola-personalizada\/#article","isPartOf":{"@id":"https:\/\/www.abaret.com.br\/blog\/sacolas-personalizadas\/3-motivos-para-voce-adquirir-sacola-personalizada\/"},"author":{"name":"admin","@id":"https:\/\/www.abaret.com.br\/blog\/#\/schema\/person\/16562f3dee9f40ecacf3d0517282ef1d"},"headline":"3 motivos para voc\u00ea adquirir sacola personalizada","datePublished":"2023-10-02T12:24:24+00:00","dateModified":"2023-10-03T14:37:15+00:00","mainEntityOfPage":{"@id":"https:\/\/www.abaret.com.br\/blog\/sacolas-personalizadas\/3-motivos-para-voce-adquirir-sacola-personalizada\/"},"wordCount":452,"commentCount":0,"publisher":{"@id":"https:\/\/www.abaret.com.br\/blog\/#organization"},"image":{"@id":"https:\/\/www.abaret.com.br\/blog\/sacolas-personalizadas\/3-motivos-para-voce-adquirir-sacola-personalizada\/#primaryimage"},"thumbnailUrl":"https:\/\/www.abaret.com.br\/blog\/wp-content\/uploads\/2023\/10\/20231003173829_fpdl.in_maquete-de-sacola-de-papel-de-duas-compras_173626-46_normal.jpg","keywords":["Bolsas de papel personalizadas direto da fabrica","Bolsas de papel personalizadas em promo\u00e7\u00e3o","Bolsas de papel personalizadas em s\u00e3o paulo","Bolsas de papel personalizadas em sp","Bolsas de papel personalizadas na Dutra","Bolsas de papel personalizadas na Marginal","Bolsas de papel personalizadas na Vila Maria","Bolsas de papel personalizadas na zona norte","Bolsas de papel personalizadas no Belenzinho","Bolsas de papel personalizadas no Br\u00e1s","Bolsas de papel personalizadas perto de mim","Bolsas de papel personalizadas pre\u00e7o","Bolsas de papel personalizadas pr\u00f3ximo a mim","Bolsas promocionais personalizadas direto da fabrica","Bolsas promocionais personalizadas em promo\u00e7\u00e3o","Bolsas promocionais personalizadas em s\u00e3o paulo","Bolsas promocionais personalizadas em sp","Bolsas promocionais personalizadas na Dutra","Bolsas promocionais personalizadas na Marginal","Bolsas promocionais personalizadas na Vila Maria","Bolsas promocionais personalizadas na zona norte","Bolsas promocionais personalizadas no Belenzinho","Bolsas promocionais personalizadas no Br\u00e1s","Bolsas promocionais personalizadas perto de mim","Bolsas promocionais personalizadas pre\u00e7o","Bolsas promocionais personalizadas pr\u00f3ximo a mim","comprar Bolsas de papel personalizadas","comprar Bolsas promocionais personalizadas","comprar Sacola de compras personalizada","comprar Sacola de empresa personalizada","comprar Sacola de lona personalizada","comprar Sacola de pano personalizada","comprar Sacola de praia personalizada","comprar Sacola ecologica personalizada","comprar Sacola para brindes","comprar Sacola pl\u00e1stica personalizada","comprar Sacola promocional","comprar Sacola reutiliz\u00e1vel personalizada","comprar Sacolas corporativas personalizadas","comprar Sacolas customizadas","comprar Sacolas de algod\u00e3o personalizadas","comprar Sacolas de feira personalizadas","comprar Sacolas de loja personalizadas","comprar Sacolas de tecido personalizadas","comprar Sacolas para eventos","comprar Sacolas para presentes personalizadas","comprar Sacolas retorn\u00e1veis personalizadas","distribuidor de Bolsas de papel personalizadas","distribuidor de Bolsas promocionais personalizadas","distribuidor de Sacola de compras personalizada","distribuidor de Sacola de empresa personalizada","distribuidor de Sacola de lona personalizada","distribuidor de Sacola de pano personalizada","distribuidor de Sacola de praia personalizada","distribuidor de Sacola ecologica personalizada","distribuidor de Sacola para brindes","distribuidor de Sacola pl\u00e1stica personalizada","distribuidor de Sacola promocional","distribuidor de Sacola reutiliz\u00e1vel personalizada","distribuidor de Sacolas corporativas personalizadas","distribuidor de Sacolas customizadas","distribuidor de Sacolas de algod\u00e3o personalizadas","distribuidor de Sacolas de feira personalizadas","distribuidor de Sacolas de loja personalizadas","distribuidor de Sacolas de tecido personalizadas","distribuidor de Sacolas para eventos","distribuidor de Sacolas para presentes personalizadas","distribuidor de Sacolas retorn\u00e1veis personalizadas","distribuidora de Bolsas de papel personalizadas","distribuidora de Bolsas promocionais personalizadas","distribuidora de Sacola de compras personalizada","distribuidora de Sacola de empresa personalizada","distribuidora de Sacola de lona personalizada","distribuidora de Sacola de pano personalizada","distribuidora de Sacola de praia personalizada","distribuidora de Sacola ecologica personalizada","distribuidora de Sacola para brindes","distribuidora de Sacola pl\u00e1stica personalizada","distribuidora de Sacola promocional","distribuidora de Sacola reutiliz\u00e1vel personalizada","distribuidora de Sacolas corporativas personalizadas","distribuidora de Sacolas customizadas","distribuidora de Sacolas de algod\u00e3o personalizadas","distribuidora de Sacolas de feira personalizadas","distribuidora de Sacolas de loja personalizadas","distribuidora de Sacolas de tecido personalizadas","distribuidora de Sacolas para eventos","distribuidora de Sacolas para presentes personalizadas","distribuidora de Sacolas retorn\u00e1veis personalizadas","empresa de Bolsas de papel personalizadas","empresa de Bolsas promocionais personalizadas","empresa de Sacola de compras personalizada","empresa de Sacola de empresa personalizada","empresa de Sacola de lona personalizada","empresa de Sacola de pano personalizada","empresa de Sacola de praia personalizada","empresa de Sacola ecologica personalizada","empresa de Sacola para brindes","empresa de Sacola pl\u00e1stica personalizada","empresa de Sacola promocional","empresa de Sacola reutiliz\u00e1vel personalizada","empresa de Sacolas corporativas personalizadas","empresa de Sacolas customizadas","empresa de Sacolas de algod\u00e3o personalizadas","empresa de Sacolas de feira personalizadas","empresa de Sacolas de loja personalizadas","empresa de Sacolas de tecido personalizadas","empresa de Sacolas para eventos","empresa de Sacolas para presentes personalizadas","empresa de Sacolas retorn\u00e1veis personalizadas","f\u00e1brica de Bolsas de papel personalizadas","f\u00e1brica de Bolsas promocionais personalizadas","f\u00e1brica de Sacola de compras personalizada","f\u00e1brica de Sacola de empresa personalizada","f\u00e1brica de Sacola de lona personalizada","f\u00e1brica de Sacola de pano personalizada","f\u00e1brica de Sacola de praia personalizada","f\u00e1brica de Sacola ecologica personalizada","f\u00e1brica de Sacola para brindes","f\u00e1brica de Sacola pl\u00e1stica personalizada","f\u00e1brica de Sacola promocional","f\u00e1brica de Sacola reutiliz\u00e1vel personalizada","f\u00e1brica de Sacolas corporativas personalizadas","f\u00e1brica de Sacolas customizadas","f\u00e1brica de Sacolas de algod\u00e3o personalizadas","f\u00e1brica de Sacolas de feira personalizadas","f\u00e1brica de Sacolas de loja personalizadas","f\u00e1brica de Sacolas de tecido personalizadas","f\u00e1brica de Sacolas para eventos","f\u00e1brica de Sacolas para presentes personalizadas","f\u00e1brica de Sacolas retorn\u00e1veis personalizadas","fabricante de Bolsas de papel personalizadas","fabricante de Bolsas promocionais personalizadas","fabricante de Sacola de compras personalizada","fabricante de Sacola de empresa personalizada","fabricante de Sacola de lona personalizada","fabricante de Sacola de pano personalizada","fabricante de Sacola de praia personalizada","fabricante de Sacola ecologica personalizada","fabricante de Sacola para brindes","fabricante de Sacola pl\u00e1stica personalizada","fabricante de Sacola promocional","fabricante de Sacola reutiliz\u00e1vel personalizada","fabricante de Sacolas corporativas personalizadas","fabricante de Sacolas customizadas","fabricante de Sacolas de algod\u00e3o personalizadas","fabricante de Sacolas de feira personalizadas","fabricante de Sacolas de loja personalizadas","fabricante de Sacolas de tecido personalizadas","fabricante de Sacolas para eventos","fabricante de Sacolas para presentes personalizadas","fabricante de Sacolas retorn\u00e1veis personalizadas","fornecedor de Bolsas de papel personalizadas","fornecedor de Bolsas promocionais personalizadas","fornecedor de Sacola de compras personalizada","fornecedor de Sacola de empresa personalizada","fornecedor de Sacola de lona personalizada","fornecedor de Sacola de pano personalizada","fornecedor de Sacola de praia personalizada","fornecedor de Sacola ecologica personalizada","fornecedor de Sacola para brindes","fornecedor de Sacola pl\u00e1stica personalizada","fornecedor de Sacola promocional","fornecedor de Sacola reutiliz\u00e1vel personalizada","fornecedor de Sacolas corporativas personalizadas","fornecedor de Sacolas customizadas","fornecedor de Sacolas de algod\u00e3o personalizadas","fornecedor de Sacolas de feira personalizadas","fornecedor de Sacolas de loja personalizadas","fornecedor de Sacolas de tecido personalizadas","fornecedor de Sacolas para eventos","fornecedor de Sacolas para presentes personalizadas","fornecedor de Sacolas retorn\u00e1veis personalizadas","loja de Bolsas de papel personalizadas","loja de Bolsas promocionais personalizadas","loja de Sacola de compras personalizada","loja de Sacola de empresa personalizada","loja de Sacola de lona personalizada","loja de Sacola de pano personalizada","loja de Sacola de praia personalizada","loja de Sacola ecologica personalizada","loja de Sacola para brindes","loja de Sacola pl\u00e1stica personalizada","loja de Sacola promocional","loja de Sacola reutiliz\u00e1vel personalizada","loja de Sacolas corporativas personalizadas","loja de Sacolas customizadas","loja de Sacolas de algod\u00e3o personalizadas","loja de Sacolas de feira personalizadas","loja de Sacolas de loja personalizadas","loja de Sacolas de tecido personalizadas","loja de Sacolas para eventos","loja de Sacolas para presentes personalizadas","loja de Sacolas retorn\u00e1veis personalizadas","onde encontrar Bolsas de papel personalizadas","onde encontrar Bolsas promocionais personalizadas","onde encontrar Sacola de compras personalizada","onde encontrar Sacola de empresa personalizada","onde encontrar Sacola de pano personalizada","onde encontrar Sacola de praia personalizada","onde encontrar Sacola ecologica personalizada","onde encontrar Sacola para brindes","onde encontrar Sacola pl\u00e1stica personalizada","onde encontrar Sacola promocional","onde encontrar Sacola reutiliz\u00e1vel personalizada","onde encontrar Sacolas corporativas personalizadas","onde encontrar Sacolas customizadas","onde encontrar Sacolas de algod\u00e3o personalizadas","onde encontrar Sacolas de feira personalizadas","onde encontrar Sacolas de loja personalizadas","onde encontrar Sacolas de tecido personalizadas","onde encontrar Sacolas para eventos","onde encontrar Sacolas para presentes personalizadas","onde encontrar Sacolas retorn\u00e1veis personalizadas","revendedor de Bolsas de papel personalizadas","revendedor de Bolsas promocionais personalizadas","revendedor de Sacola de compras personalizada","revendedor de Sacola de empresa personalizada","revendedor de Sacola de lona personalizada","revendedor de Sacola de pano personalizada","revendedor de Sacola de praia personalizada","revendedor de Sacola ecologica personalizada","revendedor de Sacola para brindes","revendedor de Sacola pl\u00e1stica personalizada","revendedor de Sacola promocional","revendedor de Sacola reutiliz\u00e1vel personalizada","revendedor de Sacolas corporativas personalizadas","revendedor de Sacolas customizadas","revendedor de Sacolas de algod\u00e3o personalizadas","revendedor de Sacolas de feira personalizadas","revendedor de Sacolas de loja personalizadas","revendedor de Sacolas de tecido personalizadas","revendedor de Sacolas para eventos","revendedor de Sacolas para presentes personalizadas","revendedor de Sacolas retorn\u00e1veis personalizadas","Sacola de compras personalizada direto da fabrica","Sacola de compras personalizada em promo\u00e7\u00e3o","Sacola de compras personalizada em s\u00e3o paulo","Sacola de compras personalizada em sp","Sacola de compras personalizada na Dutra","Sacola de compras personalizada na Marginal","Sacola de compras personalizada na Vila Maria","Sacola de compras personalizada na zona norte","Sacola de compras personalizada no Belenzinho","Sacola de compras personalizada no Br\u00e1s","Sacola de compras personalizada perto de mim","Sacola de compras personalizada pre\u00e7o","Sacola de compras personalizada pr\u00f3ximo a mim","Sacola de empresa personalizada direto da fabrica","Sacola de empresa personalizada em promo\u00e7\u00e3o","Sacola de empresa personalizada em s\u00e3o paulo","Sacola de empresa personalizada em sp","Sacola de empresa personalizada na Dutra","Sacola de empresa personalizada na Marginal","Sacola de empresa personalizada na Vila Maria","Sacola de empresa personalizada na zona norte","Sacola de empresa personalizada no Belenzinho","Sacola de empresa personalizada no Br\u00e1s","Sacola de empresa personalizada perto de mim","Sacola de empresa personalizada pre\u00e7o","Sacola de empresa personalizada pr\u00f3ximo a mim","Sacola de lona personalizada direto da fabrica","Sacola de lona personalizada em promo\u00e7\u00e3o","Sacola de lona personalizada em s\u00e3o paulo","Sacola de lona personalizada em sp","Sacola de lona personalizada na Dutra","Sacola de lona personalizada na Marginal","Sacola de lona personalizada na Vila Maria","Sacola de lona personalizada na zona norte","Sacola de lona personalizada no Belenzinho","Sacola de lona personalizada no Br\u00e1s","Sacola de lona personalizada perto de mim","Sacola de lona personalizada pre\u00e7o","Sacola de lona personalizada pr\u00f3ximo a mim","Sacola de pano personalizada direto da fabrica","Sacola de pano personalizada em promo\u00e7\u00e3o","Sacola de pano personalizada em s\u00e3o paulo","Sacola de pano personalizada em sp","Sacola de pano personalizada na Dutra","Sacola de pano personalizada na Marginal","Sacola de pano personalizada na Vila Maria","Sacola de pano personalizada na zona norte","Sacola de pano personalizada no Belenzinho","Sacola de pano personalizada no Br\u00e1s","Sacola de pano personalizada perto de mim","Sacola de pano personalizada pre\u00e7o","Sacola de pano personalizada pr\u00f3ximo a mim","Sacola de praia personalizada direto da fabrica","Sacola de praia personalizada em promo\u00e7\u00e3o","Sacola de praia personalizada em s\u00e3o paulo","Sacola de praia personalizada em sp","Sacola de praia personalizada na Dutra","Sacola de praia personalizada na Marginal","Sacola de praia personalizada na Vila Maria","Sacola de praia personalizada na zona norte","Sacola de praia personalizada no Belenzinho","Sacola de praia personalizada no Br\u00e1s","Sacola de praia personalizada perto de mim","Sacola de praia personalizada pre\u00e7o","Sacola de praia personalizada pr\u00f3ximo a mim","Sacola ecologica personalizada direto da fabrica","Sacola ecologica personalizada em promo\u00e7\u00e3o","Sacola ecologica personalizada em s\u00e3o paulo","Sacola ecologica personalizada em sp","Sacola ecologica personalizada na Dutra","Sacola ecologica personalizada na Marginal","Sacola ecologica personalizada na Vila Maria","Sacola ecologica personalizada na zona norte","Sacola ecologica personalizada no Belenzinho","Sacola ecologica personalizada no Br\u00e1s","Sacola ecologica personalizada perto de mim","Sacola ecologica personalizada pre\u00e7o","Sacola ecologica personalizada pr\u00f3ximo a mim","Sacola para brindes direto da fabrica","Sacola para brindes em promo\u00e7\u00e3o","Sacola para brindes em s\u00e3o paulo","Sacola para brindes em sp","Sacola para brindes na Dutra","Sacola para brindes na Marginal","Sacola para brindes na Vila Maria","Sacola para brindes na zona norte","Sacola para brindes no Belenzinho","Sacola para brindes no Br\u00e1s","Sacola para brindes perto de mim","Sacola para brindes pre\u00e7o","Sacola para brindes pr\u00f3ximo a mim","Sacola pl\u00e1stica personalizada direto da fabrica","Sacola pl\u00e1stica personalizada em promo\u00e7\u00e3o","Sacola pl\u00e1stica personalizada em s\u00e3o paulo","Sacola pl\u00e1stica personalizada em sp","Sacola pl\u00e1stica personalizada na Dutra","Sacola pl\u00e1stica personalizada na Marginal","Sacola pl\u00e1stica personalizada na Vila Maria","Sacola pl\u00e1stica personalizada na zona norte","Sacola pl\u00e1stica personalizada no Belenzinho","Sacola pl\u00e1stica personalizada no Br\u00e1s","Sacola pl\u00e1stica personalizada perto de mim","Sacola pl\u00e1stica personalizada pre\u00e7o","Sacola pl\u00e1stica personalizada pr\u00f3ximo a mim","Sacola promocional direto da fabrica","Sacola promocional em promo\u00e7\u00e3o","Sacola promocional em s\u00e3o paulo","Sacola promocional em sp","Sacola promocional na Dutra","Sacola promocional na Marginal","Sacola promocional na Vila Maria","Sacola promocional na zona norte","Sacola promocional no Belenzinho","Sacola promocional no Br\u00e1s","Sacola promocional perto de mim","Sacola promocional pre\u00e7o","Sacola promocional pr\u00f3ximo a mim","Sacola reutiliz\u00e1vel personalizada direto da fabrica","Sacola reutiliz\u00e1vel personalizada em promo\u00e7\u00e3o","Sacola reutiliz\u00e1vel personalizada em s\u00e3o paulo","Sacola reutiliz\u00e1vel personalizada em sp","Sacola reutiliz\u00e1vel personalizada na Dutra","Sacola reutiliz\u00e1vel personalizada na Marginal","Sacola reutiliz\u00e1vel personalizada na Vila Maria","Sacola reutiliz\u00e1vel personalizada na zona norte","Sacola reutiliz\u00e1vel personalizada no Belenzinho","Sacola reutiliz\u00e1vel personalizada no Br\u00e1s","Sacola reutiliz\u00e1vel personalizada perto de mim","Sacola reutiliz\u00e1vel personalizada pre\u00e7o","Sacola reutiliz\u00e1vel personalizada pr\u00f3ximo a mim","Sacolas corporativas personalizadas direto da fabrica","Sacolas corporativas personalizadas em promo\u00e7\u00e3o","Sacolas corporativas personalizadas em s\u00e3o paulo","Sacolas corporativas personalizadas em sp","Sacolas corporativas personalizadas na Dutra","Sacolas corporativas personalizadas na Marginal","Sacolas corporativas personalizadas na Vila Maria","Sacolas corporativas personalizadas na zona norte","Sacolas corporativas personalizadas no Belenzinho","Sacolas corporativas personalizadas no Br\u00e1s","Sacolas corporativas personalizadas perto de mim","Sacolas corporativas personalizadas pre\u00e7o","Sacolas corporativas personalizadas pr\u00f3ximo a mim","Sacolas customizadas direto da fabrica","Sacolas customizadas em promo\u00e7\u00e3o","Sacolas customizadas em s\u00e3o paulo","Sacolas customizadas em sp","Sacolas customizadas na Dutra","Sacolas customizadas na Marginal","Sacolas customizadas na Vila Maria","Sacolas customizadas na zona norte","Sacolas customizadas no Belenzinho","Sacolas customizadas no Br\u00e1s","Sacolas customizadas perto de mim","Sacolas customizadas pre\u00e7o","Sacolas customizadas pr\u00f3ximo a mim","Sacolas de algod\u00e3o personalizadas direto da fabrica","Sacolas de algod\u00e3o personalizadas em promo\u00e7\u00e3o","Sacolas de algod\u00e3o personalizadas em s\u00e3o paulo","Sacolas de algod\u00e3o personalizadas em sp","Sacolas de algod\u00e3o personalizadas na Dutra","Sacolas de algod\u00e3o personalizadas na Marginal","Sacolas de algod\u00e3o personalizadas na Vila Maria","Sacolas de algod\u00e3o personalizadas na zona norte","Sacolas de algod\u00e3o personalizadas no Belenzinho","Sacolas de algod\u00e3o personalizadas no Br\u00e1s","Sacolas de algod\u00e3o personalizadas perto de mim","Sacolas de algod\u00e3o personalizadas pre\u00e7o","Sacolas de algod\u00e3o personalizadas pr\u00f3ximo a mim","Sacolas de feira personalizadas direto da fabrica","Sacolas de feira personalizadas em promo\u00e7\u00e3o","Sacolas de feira personalizadas em s\u00e3o paulo","Sacolas de feira personalizadas em sp","Sacolas de feira personalizadas na Dutra","Sacolas de feira personalizadas na Marginal","Sacolas de feira personalizadas na Vila Maria","Sacolas de feira personalizadas na zona norte","Sacolas de feira personalizadas no Belenzinho","Sacolas de feira personalizadas no Br\u00e1s","Sacolas de feira personalizadas perto de mim","Sacolas de feira personalizadas pre\u00e7o","Sacolas de feira personalizadas pr\u00f3ximo a mim","Sacolas de loja personalizadas direto da fabrica","Sacolas de loja personalizadas em promo\u00e7\u00e3o","Sacolas de loja personalizadas em s\u00e3o paulo","Sacolas de loja personalizadas em sp","Sacolas de loja personalizadas na Dutra","Sacolas de loja personalizadas na Marginal","Sacolas de loja personalizadas na Vila Maria","Sacolas de loja personalizadas na zona norte","Sacolas de loja personalizadas no Belenzinho","Sacolas de loja personalizadas no Br\u00e1s","Sacolas de loja personalizadas perto de mim","Sacolas de loja personalizadas pre\u00e7o","Sacolas de loja personalizadas pr\u00f3ximo a mim","Sacolas de tecido personalizadas direto da fabrica","Sacolas de tecido personalizadas em promo\u00e7\u00e3o","Sacolas de tecido personalizadas em s\u00e3o paulo","Sacolas de tecido personalizadas em sp","Sacolas de tecido personalizadas na Dutra","Sacolas de tecido personalizadas na Marginal","Sacolas de tecido personalizadas na Vila Maria","Sacolas de tecido personalizadas na zona norte","Sacolas de tecido personalizadas no Belenzinho","Sacolas de tecido personalizadas no Br\u00e1s","Sacolas de tecido personalizadas perto de mim","Sacolas de tecido personalizadas pre\u00e7o","Sacolas de tecido personalizadas pr\u00f3ximo a mim","Sacolas para eventos direto da fabrica","Sacolas para eventos em promo\u00e7\u00e3o","Sacolas para eventos em s\u00e3o paulo","Sacolas para eventos em sp","Sacolas para eventos na Dutra","Sacolas para eventos na Marginal","Sacolas para eventos na Vila Maria","Sacolas para eventos na zona norte","Sacolas para eventos no Belenzinho","Sacolas para eventos no Br\u00e1s","Sacolas para eventos perto de mim","Sacolas para eventos pre\u00e7o","Sacolas para eventos pr\u00f3ximo a mim","Sacolas para presentes personalizadas direto da fabrica","Sacolas para presentes personalizadas em promo\u00e7\u00e3o","Sacolas para presentes personalizadas em s\u00e3o paulo","Sacolas para presentes personalizadas em sp","Sacolas para presentes personalizadas na Dutra","Sacolas para presentes personalizadas na Marginal","Sacolas para presentes personalizadas na Vila Maria","Sacolas para presentes personalizadas na zona norte","Sacolas para presentes personalizadas no Belenzinho","Sacolas para presentes personalizadas no Br\u00e1s","Sacolas para presentes personalizadas perto de mim","Sacolas para presentes personalizadas pre\u00e7o","Sacolas para presentes personalizadas pr\u00f3ximo a mim","Sacolas retorn\u00e1veis personalizadas direto da fabrica","Sacolas retorn\u00e1veis personalizadas em promo\u00e7\u00e3o","Sacolas retorn\u00e1veis personalizadas em s\u00e3o paulo","Sacolas retorn\u00e1veis personalizadas em sp","Sacolas retorn\u00e1veis personalizadas na Dutra","Sacolas retorn\u00e1veis personalizadas na Marginal","Sacolas retorn\u00e1veis personalizadas na Vila Maria","Sacolas retorn\u00e1veis personalizadas na zona norte","Sacolas retorn\u00e1veis personalizadas no Belenzinho","Sacolas retorn\u00e1veis personalizadas no Br\u00e1s","Sacolas retorn\u00e1veis personalizadas perto de mim","Sacolas retorn\u00e1veis personalizadas pre\u00e7o","Sacolas retorn\u00e1veis personalizadas pr\u00f3ximo a mim"],"articleSection":["Sacolas Personalizadas"],"inLanguage":"pt-BR","potentialAction":[{"@type":"CommentAction","name":"Comment","target":["https:\/\/www.abaret.com.br\/blog\/sacolas-personalizadas\/3-motivos-para-voce-adquirir-sacola-personalizada\/#respond"]}]},{"@type":"WebPage","@id":"https:\/\/www.abaret.com.br\/blog\/sacolas-personalizadas\/3-motivos-para-voce-adquirir-sacola-personalizada\/","url":"https:\/\/www.abaret.com.br\/blog\/sacolas-personalizadas\/3-motivos-para-voce-adquirir-sacola-personalizada\/","name":"3 motivos para voc\u00ea adquirir sacola personalizada - Abaret","isPartOf":{"@id":"https:\/\/www.abaret.com.br\/blog\/#website"},"primaryImageOfPage":{"@id":"https:\/\/www.abaret.com.br\/blog\/sacolas-personalizadas\/3-motivos-para-voce-adquirir-sacola-personalizada\/#primaryimage"},"image":{"@id":"https:\/\/www.abaret.com.br\/blog\/sacolas-personalizadas\/3-motivos-para-voce-adquirir-sacola-personalizada\/#primaryimage"},"thumbnailUrl":"https:\/\/www.abaret.com.br\/blog\/wp-content\/uploads\/2023\/10\/20231003173829_fpdl.in_maquete-de-sacola-de-papel-de-duas-compras_173626-46_normal.jpg","datePublished":"2023-10-02T12:24:24+00:00","dateModified":"2023-10-03T14:37:15+00:00","description":"Neste artigo, apresentaremos tr\u00eas motivos ineg\u00e1veis para voc\u00ea adquirir sacola personalizada para a sua empresa. Confira!","breadcrumb":{"@id":"https:\/\/www.abaret.com.br\/blog\/sacolas-personalizadas\/3-motivos-para-voce-adquirir-sacola-personalizada\/#breadcrumb"},"inLanguage":"pt-BR","potentialAction":[{"@type":"ReadAction","target":["https:\/\/www.abaret.com.br\/blog\/sacolas-personalizadas\/3-motivos-para-voce-adquirir-sacola-personalizada\/"]}]},{"@type":"ImageObject","inLanguage":"pt-BR","@id":"https:\/\/www.abaret.com.br\/blog\/sacolas-personalizadas\/3-motivos-para-voce-adquirir-sacola-personalizada\/#primaryimage","url":"https:\/\/www.abaret.com.br\/blog\/wp-content\/uploads\/2023\/10\/20231003173829_fpdl.in_maquete-de-sacola-de-papel-de-duas-compras_173626-46_normal.jpg","contentUrl":"https:\/\/www.abaret.com.br\/blog\/wp-content\/uploads\/2023\/10\/20231003173829_fpdl.in_maquete-de-sacola-de-papel-de-duas-compras_173626-46_normal.jpg","width":626,"height":417,"caption":"3 motivos para voc\u00ea adquirir sacola personalizada"},{"@type":"BreadcrumbList","@id":"https:\/\/www.abaret.com.br\/blog\/sacolas-personalizadas\/3-motivos-para-voce-adquirir-sacola-personalizada\/#breadcrumb","itemListElement":[{"@type":"ListItem","position":1,"name":"In\u00edcio","item":"https:\/\/www.abaret.com.br\/blog\/"},{"@type":"ListItem","position":2,"name":"3 motivos para voc\u00ea adquirir sacola personalizada"}]},{"@type":"WebSite","@id":"https:\/\/www.abaret.com.br\/blog\/#website","url":"https:\/\/www.abaret.com.br\/blog\/","name":"Abaret","description":"Blog","publisher":{"@id":"https:\/\/www.abaret.com.br\/blog\/#organization"},"potentialAction":[{"@type":"SearchAction","target":{"@type":"EntryPoint","urlTemplate":"https:\/\/www.abaret.com.br\/blog\/?s={search_term_string}"},"query-input":{"@type":"PropertyValueSpecification","valueRequired":true,"valueName":"search_term_string"}}],"inLanguage":"pt-BR"},{"@type":"Organization","@id":"https:\/\/www.abaret.com.br\/blog\/#organization","name":"Abaret","url":"https:\/\/www.abaret.com.br\/blog\/","logo":{"@type":"ImageObject","inLanguage":"pt-BR","@id":"https:\/\/www.abaret.com.br\/blog\/#\/schema\/logo\/image\/","url":"https:\/\/www.abaret.com.br\/blog\/wp-content\/uploads\/2022\/01\/logo-abaret.png","contentUrl":"https:\/\/www.abaret.com.br\/blog\/wp-content\/uploads\/2022\/01\/logo-abaret.png","width":200,"height":63,"caption":"Abaret"},"image":{"@id":"https:\/\/www.abaret.com.br\/blog\/#\/schema\/logo\/image\/"}},{"@type":"Person","@id":"https:\/\/www.abaret.com.br\/blog\/#\/schema\/person\/16562f3dee9f40ecacf3d0517282ef1d","name":"admin","image":{"@type":"ImageObject","inLanguage":"pt-BR","@id":"https:\/\/secure.gravatar.com\/avatar\/3813f53848958b8842eeafda91666185a90010f65ed554379b78794cde6f234a?s=96&d=mm&r=g","url":"https:\/\/secure.gravatar.com\/avatar\/3813f53848958b8842eeafda91666185a90010f65ed554379b78794cde6f234a?s=96&d=mm&r=g","contentUrl":"https:\/\/secure.gravatar.com\/avatar\/3813f53848958b8842eeafda91666185a90010f65ed554379b78794cde6f234a?s=96&d=mm&r=g","caption":"admin"},"sameAs":["https:\/\/abaret.com.br\/blog"],"url":"https:\/\/www.abaret.com.br\/blog\/author\/admin\/"}]}},"_links":{"self":[{"href":"https:\/\/www.abaret.com.br\/blog\/wp-json\/wp\/v2\/posts\/140","targetHints":{"allow":["GET"]}}],"collection":[{"href":"https:\/\/www.abaret.com.br\/blog\/wp-json\/wp\/v2\/posts"}],"about":[{"href":"https:\/\/www.abaret.com.br\/blog\/wp-json\/wp\/v2\/types\/post"}],"author":[{"embeddable":true,"href":"https:\/\/www.abaret.com.br\/blog\/wp-json\/wp\/v2\/users\/1"}],"replies":[{"embeddable":true,"href":"https:\/\/www.abaret.com.br\/blog\/wp-json\/wp\/v2\/comments?post=140"}],"version-history":[{"count":1,"href":"https:\/\/www.abaret.com.br\/blog\/wp-json\/wp\/v2\/posts\/140\/revisions"}],"predecessor-version":[{"id":143,"href":"https:\/\/www.abaret.com.br\/blog\/wp-json\/wp\/v2\/posts\/140\/revisions\/143"}],"wp:featuredmedia":[{"embeddable":true,"href":"https:\/\/www.abaret.com.br\/blog\/wp-json\/wp\/v2\/media\/142"}],"wp:attachment":[{"href":"https:\/\/www.abaret.com.br\/blog\/wp-json\/wp\/v2\/media?parent=140"}],"wp:term":[{"taxonomy":"category","embeddable":true,"href":"https:\/\/www.abaret.com.br\/blog\/wp-json\/wp\/v2\/categories?post=140"},{"taxonomy":"post_tag","embeddable":true,"href":"https:\/\/www.abaret.com.br\/blog\/wp-json\/wp\/v2\/tags?post=140"}],"curies":[{"name":"wp","href":"https:\/\/api.w.org\/{rel}","templated":true}]}}